{"id":3389,"date":"2024-11-04T19:01:27","date_gmt":"2024-11-04T19:01:27","guid":{"rendered":"https:\/\/modul1flensburg.eu\/?p=3389"},"modified":"2024-11-04T19:02:17","modified_gmt":"2024-11-04T19:02:17","slug":"flensburger-kurzfilmtage-festivalbuero-wieder-im-modul1","status":"publish","type":"post","link":"https:\/\/modul1flensburg.eu\/?p=3389","title":{"rendered":"Flensburger Kurzfilmtage &#8211; Festivalb\u00fcro wieder im MODUL1"},"content":{"rendered":"\n<p style=\"font-size:15px\"><strong>Vom 5.11. bis 17.11.\u00a0<br>ist das\u00a0\u00a0Festivalb\u00fcro der\u00a0Flensburger Kurzfilmtage 2024 ge\u00f6ffnet<\/strong><\/p>\n\n\n\n<p>Vom 13. bis 17. November gibt es in Flensburg wieder die Gelegenheit, die Vielfalt des kurzen Films zu bestaunen. Insgesamt rund 70 Filme werden an den f\u00fcnf Festivaltagen im 51 Stufen Kino im Deutschen Haus und in der Theaterwerkstatt Pilkentafel pr\u00e4sentiert.<\/p>\n\n\n\n<p>Das MODUL 1 \u00f6ffnet am 5. November seine T\u00fcren, um auf das Festival vorzubereiten. Hier gibt es Programmhefte, Plakate , Tickets und Einblicke in die Vorbereitungen. W\u00e4hrend des Festivals dient das MODUL 1 als Anlaufstelle und Treffpunkt f\u00fcr Filmschaffende, Kurzfilmfans und Kinofreunde.<\/p>\n\n\n\n<p>Die Verwandlung vom MODUL zum Festivalb\u00fcro erfolgte in Zusammenarbeit mit dem Seminar \u201e\u00c4sthetische Szenographien\u201c unter der Leitung von <em>Nadja Driller<\/em> an der Europa-Universit\u00e4t.\u00a0<br>Beteiligte Studierende: <em>Alicia Vivien Cordes, Amina Bialas, Diana Wulfert, Friederike Begemann und Marina Loreen Borutta<\/em>.<\/p>\n\n\n\n<p>Die Dekoration ist ausgerichtet an den Plakaten und Programmheften, die die Studentin Annika Faust an der Hochschule Flensburg gestaltet hat.<\/p>\n\n\n\n<p>Weitere Infos zum Festival unter flensburger-kurzfilmtage.de<\/p>\n\n\n\n<p class=\"has-text-color\" style=\"color:#2f7f0d\"><strong>\u00d6ffnungszeiten: Mo bis Fr von 12 bis 16 Uhr<\/strong><\/p>\n\n\n\n<p class=\"has-text-color\" style=\"color:#2f7f0d\">Veranstalter: filmkorte e.V. in Kooperation mit der Europa-Universit\u00e4t und der Hochschule Flensburg; weitere Infos unter&nbsp;<a href=\"http:\/\/filmkorte.de\/\">http:\/\/filmkorte.de<\/a><\/p>\n\n\n\n<figure class=\"wp-block-image size-large\"><a href=\"https:\/\/modul1flensburg.eu\/wp-content\/uploads\/2024\/11\/Festivalbuero-im-Modul1.jpg\"><img decoding=\"async\" loading=\"lazy\" width=\"1024\" height=\"1024\" src=\"https:\/\/modul1flensburg.eu\/wp-content\/uploads\/2024\/11\/Festivalbuero-im-Modul1-1024x1024.jpg\" alt=\"\" class=\"wp-image-3390\" srcset=\"https:\/\/modul1flensburg.eu\/wp-content\/uploads\/2024\/11\/Festivalbuero-im-Modul1-1024x1024.jpg 1024w, https:\/\/modul1flensburg.eu\/wp-content\/uploads\/2024\/11\/Festivalbuero-im-Modul1-300x300.jpg 300w, https:\/\/modul1flensburg.eu\/wp-content\/uploads\/2024\/11\/Festivalbuero-im-Modul1-150x150.jpg 150w, https:\/\/modul1flensburg.eu\/wp-content\/uploads\/2024\/11\/Festivalbuero-im-Modul1-768x768.jpg 768w, https:\/\/modul1flensburg.eu\/wp-content\/uploads\/2024\/11\/Festivalbuero-im-Modul1.jpg 1260w\" sizes=\"(max-width: 1024px) 100vw, 1024px\" \/><\/a><\/figure>\n","protected":false},"excerpt":{"rendered":"<p>Vom 5.11. bis 17.11.\u00a0ist das\u00a0\u00a0Festivalb\u00fcro der\u00a0Flensburger Kurzfilmtage 2024 ge\u00f6ffnet Vom 13. bis 17. November gibt es in Flensburg wieder die Gelegenheit, die Vielfalt des kurzen Films zu bestaunen. Insgesamt rund 70 Filme werden an den f\u00fcnf Festivaltagen im 51 Stufen Kino im Deutschen Haus und in der Theaterwerkstatt Pilkentafel pr\u00e4sentiert. Das MODUL 1 \u00f6ffnet am [&hellip;]<\/p>\n","protected":false},"author":2,"featured_media":0,"comment_status":"closed","ping_status":"","sticky":false,"template":"","format":"standard","meta":[],"categories":[1,58],"tags":[59,19],"_links":{"self":[{"href":"https:\/\/modul1flensburg.eu\/index.php?rest_route=\/wp\/v2\/posts\/3389"}],"collection":[{"href":"https:\/\/modul1flensburg.eu\/index.php?rest_route=\/wp\/v2\/posts"}],"about":[{"href":"https:\/\/modul1flensburg.eu\/index.php?rest_route=\/wp\/v2\/types\/post"}],"author":[{"embeddable":true,"href":"https:\/\/modul1flensburg.eu\/index.php?rest_route=\/wp\/v2\/users\/2"}],"replies":[{"embeddable":true,"href":"https:\/\/modul1flensburg.eu\/index.php?rest_route=%2Fwp%2Fv2%2Fcomments&post=3389"}],"version-history":[{"count":6,"href":"https:\/\/modul1flensburg.eu\/index.php?rest_route=\/wp\/v2\/posts\/3389\/revisions"}],"predecessor-version":[{"id":3396,"href":"https:\/\/modul1flensburg.eu\/index.php?rest_route=\/wp\/v2\/posts\/3389\/revisions\/3396"}],"wp:attachment":[{"href":"https:\/\/modul1flensburg.eu\/index.php?rest_route=%2Fwp%2Fv2%2Fmedia&parent=3389"}],"wp:term":[{"taxonomy":"category","embeddable":true,"href":"https:\/\/modul1flensburg.eu\/index.php?rest_route=%2Fwp%2Fv2%2Fcategories&post=3389"},{"taxonomy":"post_tag","embeddable":true,"href":"https:\/\/modul1flensburg.eu\/index.php?rest_route=%2Fwp%2Fv2%2Ftags&post=3389"}],"curies":[{"name":"wp","href":"https:\/\/api.w.org\/{rel}","templated":true}]}}