{"id":3398,"date":"2024-11-15T17:02:37","date_gmt":"2024-11-15T17:02:37","guid":{"rendered":"https:\/\/modul1flensburg.eu\/?p=3398"},"modified":"2024-11-15T17:02:37","modified_gmt":"2024-11-15T17:02:37","slug":"erinnerung-an-die-deportierten-flensburger-juden-entwuerfe-fuer-ein-ge-denkmal","status":"publish","type":"post","link":"https:\/\/modul1flensburg.eu\/?p=3398","title":{"rendered":"Erinnerung an die deportierten Flensburger Juden \u2013 Entw\u00fcrfe f\u00fcr ein Ge-Denkmal"},"content":{"rendered":"\n<pre class=\"wp-block-preformatted has-background\" style=\"background-color:#e6f9c2;font-size:16px\">Liebe Kunstfreundinnen und -freunde,\n\nwir freuen uns sehr, Sie zur Ausstellung&nbsp;\u201eEntw\u00fcrfe f\u00fcr ein Ge-Denkmal f\u00fcr die deportierten Flensburger Juden\u201c&nbsp;in das MODUL 1 einzuladen. \n\nIm Rahmen des Labor-Seminars \u201eArchitektur\/Raum &amp; Skulptur\u201c haben Studierende in enger Zusammenarbeit mit der j\u00fcdischen Gemeinde und der Nikolaikirche Flensburg dreidimensionale Modelle f\u00fcr ein Mahn- oder Ge-Denkmal entwickelt. Im Seminar wurden die vielf\u00e4ltigen Aspekte von Erinnerungsst\u00e4tten und Mahnmalen wie ortsspezifische und architektonische Bez\u00fcge, r\u00e4umlich-plastische Fragestellungen sowie ikonische, symbolische, emotionale und intellektuelle Verkn\u00fcpfungen thematisiert und auf die Situation in Flensburg \u00fcbertragen.\n\nEin ausgew\u00e4hlter Entwurf soll zu gegebener Zeit in einer gr\u00f6\u00dferen Skulptur vor der Nikolaikirche realisiert werden.\n\n\nDie Studierenden des Seminars &amp; Dr. Markus J. Herschbach<\/pre>\n\n\n\n<h2 style=\"font-size:15px\">Die Er\u00f6ffnung findet am Montag, den 18. November, um 18:00 Uhr statt.<\/h2>\n\n\n\n<h2 style=\"font-size:15px\">Ausstellung 18.-24.11.2024 <\/h2>\n\n\n\n<h2 style=\"font-size:15px\">MODUL1 <\/h2>\n\n\n\n<h2 style=\"font-size:15px\">Rote Stra\u00dfe 17<\/h2>\n\n\n\n<h2 class=\"has-text-align-left\" style=\"font-size:15px\">Flensburg<\/h2>\n\n\n\n<figure class=\"wp-block-image size-large\"><a href=\"https:\/\/modul1flensburg.eu\/wp-content\/uploads\/2024\/11\/Herschbach-Plakat-3.0-scaled.jpg\"><img decoding=\"async\" loading=\"lazy\" width=\"768\" height=\"1024\" src=\"https:\/\/modul1flensburg.eu\/wp-content\/uploads\/2024\/11\/Herschbach-Plakat-3.0-768x1024.jpg\" alt=\"\" class=\"wp-image-3402\" srcset=\"https:\/\/modul1flensburg.eu\/wp-content\/uploads\/2024\/11\/Herschbach-Plakat-3.0-768x1024.jpg 768w, https:\/\/modul1flensburg.eu\/wp-content\/uploads\/2024\/11\/Herschbach-Plakat-3.0-225x300.jpg 225w, https:\/\/modul1flensburg.eu\/wp-content\/uploads\/2024\/11\/Herschbach-Plakat-3.0-1152x1536.jpg 1152w, https:\/\/modul1flensburg.eu\/wp-content\/uploads\/2024\/11\/Herschbach-Plakat-3.0-1536x2048.jpg 1536w, https:\/\/modul1flensburg.eu\/wp-content\/uploads\/2024\/11\/Herschbach-Plakat-3.0-scaled.jpg 1920w\" sizes=\"(max-width: 768px) 100vw, 768px\" \/><\/a><\/figure>\n","protected":false},"excerpt":{"rendered":"<p>Liebe Kunstfreundinnen und -freunde, wir freuen uns sehr, Sie zur Ausstellung&nbsp;\u201eEntw\u00fcrfe f\u00fcr ein Ge-Denkmal f\u00fcr die deportierten Flensburger Juden\u201c&nbsp;in das MODUL 1 einzuladen. Im Rahmen des Labor-Seminars \u201eArchitektur\/Raum &amp; Skulptur\u201c haben Studierende in enger Zusammenarbeit mit der j\u00fcdischen Gemeinde und der Nikolaikirche Flensburg dreidimensionale Modelle f\u00fcr ein Mahn- oder Ge-Denkmal entwickelt. Im Seminar wurden die [&hellip;]<\/p>\n","protected":false},"author":2,"featured_media":0,"comment_status":"closed","ping_status":"","sticky":false,"template":"","format":"standard","meta":[],"categories":[1,58],"tags":[59,19],"_links":{"self":[{"href":"https:\/\/modul1flensburg.eu\/index.php?rest_route=\/wp\/v2\/posts\/3398"}],"collection":[{"href":"https:\/\/modul1flensburg.eu\/index.php?rest_route=\/wp\/v2\/posts"}],"about":[{"href":"https:\/\/modul1flensburg.eu\/index.php?rest_route=\/wp\/v2\/types\/post"}],"author":[{"embeddable":true,"href":"https:\/\/modul1flensburg.eu\/index.php?rest_route=\/wp\/v2\/users\/2"}],"replies":[{"embeddable":true,"href":"https:\/\/modul1flensburg.eu\/index.php?rest_route=%2Fwp%2Fv2%2Fcomments&post=3398"}],"version-history":[{"count":5,"href":"https:\/\/modul1flensburg.eu\/index.php?rest_route=\/wp\/v2\/posts\/3398\/revisions"}],"predecessor-version":[{"id":3406,"href":"https:\/\/modul1flensburg.eu\/index.php?rest_route=\/wp\/v2\/posts\/3398\/revisions\/3406"}],"wp:attachment":[{"href":"https:\/\/modul1flensburg.eu\/index.php?rest_route=%2Fwp%2Fv2%2Fmedia&parent=3398"}],"wp:term":[{"taxonomy":"category","embeddable":true,"href":"https:\/\/modul1flensburg.eu\/index.php?rest_route=%2Fwp%2Fv2%2Fcategories&post=3398"},{"taxonomy":"post_tag","embeddable":true,"href":"https:\/\/modul1flensburg.eu\/index.php?rest_route=%2Fwp%2Fv2%2Ftags&post=3398"}],"curies":[{"name":"wp","href":"https:\/\/api.w.org\/{rel}","templated":true}]}}