{"id":3408,"date":"2024-12-10T22:35:46","date_gmt":"2024-12-10T22:35:46","guid":{"rendered":"https:\/\/modul1flensburg.eu\/?p=3408"},"modified":"2024-12-10T22:35:46","modified_gmt":"2024-12-10T22:35:46","slug":"modul1-beginnen-mit-dem-material","status":"publish","type":"post","link":"https:\/\/modul1flensburg.eu\/?p=3408","title":{"rendered":"MODUL1: Beginnen mit dem Material"},"content":{"rendered":"\n<div class=\"is-layout-constrained wp-block-group\"><div class=\"wp-block-group__inner-container\">\n<pre class=\"wp-block-preformatted has-background\" style=\"background-color:#d2da60;font-size:16px\">Was passiert, wenn am Anfang des k\u00fcnstlerischen Prozesses nicht die Idee, sondern das Material steht?\n\nMit dieser Frage haben sich die Erstsemesterstudierenden des Studiengangs Kunst und visuelle Medien der Europa-Universit\u00e4t Flensburg unter der Leitung von <em>Nadja Driller <\/em>besch\u00e4ftigt.\n\nDie Ergebnisse werden bei der <strong>Vernissage am 13.12.2024 von 17-19 Uhr im MODUL 1<\/strong> (Rote Stra\u00dfe 17) ausgestellt. Weiterhin kann die Ausstellung am <strong>Samstag und Sonntag von 12-15 Uhr<\/strong> besucht werden.<\/pre>\n<\/div><\/div>\n\n\n\n<figure class=\"wp-block-image size-large is-resized\"><a href=\"https:\/\/modul1flensburg.eu\/wp-content\/uploads\/2024\/12\/Insta-Material.jpg\"><img decoding=\"async\" loading=\"lazy\" src=\"https:\/\/modul1flensburg.eu\/wp-content\/uploads\/2024\/12\/Insta-Material-1021x1024.jpg\" alt=\"\" class=\"wp-image-3410\" width=\"837\" height=\"840\" srcset=\"https:\/\/modul1flensburg.eu\/wp-content\/uploads\/2024\/12\/Insta-Material-1021x1024.jpg 1021w, https:\/\/modul1flensburg.eu\/wp-content\/uploads\/2024\/12\/Insta-Material-300x300.jpg 300w, https:\/\/modul1flensburg.eu\/wp-content\/uploads\/2024\/12\/Insta-Material-150x150.jpg 150w, https:\/\/modul1flensburg.eu\/wp-content\/uploads\/2024\/12\/Insta-Material-768x770.jpg 768w, https:\/\/modul1flensburg.eu\/wp-content\/uploads\/2024\/12\/Insta-Material-1532x1536.jpg 1532w, https:\/\/modul1flensburg.eu\/wp-content\/uploads\/2024\/12\/Insta-Material.jpg 1618w\" sizes=\"(max-width: 837px) 100vw, 837px\" \/><\/a><\/figure>\n","protected":false},"excerpt":{"rendered":"<p>Was passiert, wenn am Anfang des k\u00fcnstlerischen Prozesses nicht die Idee, sondern das Material steht? Mit dieser Frage haben sich die Erstsemesterstudierenden des Studiengangs Kunst und visuelle Medien der Europa-Universit\u00e4t Flensburg unter der Leitung von Nadja Driller besch\u00e4ftigt. Die Ergebnisse werden bei der Vernissage am 13.12.2024 von 17-19 Uhr im MODUL 1 (Rote Stra\u00dfe 17) [&hellip;]<\/p>\n","protected":false},"author":2,"featured_media":0,"comment_status":"closed","ping_status":"","sticky":false,"template":"","format":"standard","meta":[],"categories":[1,58],"tags":[59,19],"_links":{"self":[{"href":"https:\/\/modul1flensburg.eu\/index.php?rest_route=\/wp\/v2\/posts\/3408"}],"collection":[{"href":"https:\/\/modul1flensburg.eu\/index.php?rest_route=\/wp\/v2\/posts"}],"about":[{"href":"https:\/\/modul1flensburg.eu\/index.php?rest_route=\/wp\/v2\/types\/post"}],"author":[{"embeddable":true,"href":"https:\/\/modul1flensburg.eu\/index.php?rest_route=\/wp\/v2\/users\/2"}],"replies":[{"embeddable":true,"href":"https:\/\/modul1flensburg.eu\/index.php?rest_route=%2Fwp%2Fv2%2Fcomments&post=3408"}],"version-history":[{"count":3,"href":"https:\/\/modul1flensburg.eu\/index.php?rest_route=\/wp\/v2\/posts\/3408\/revisions"}],"predecessor-version":[{"id":3412,"href":"https:\/\/modul1flensburg.eu\/index.php?rest_route=\/wp\/v2\/posts\/3408\/revisions\/3412"}],"wp:attachment":[{"href":"https:\/\/modul1flensburg.eu\/index.php?rest_route=%2Fwp%2Fv2%2Fmedia&parent=3408"}],"wp:term":[{"taxonomy":"category","embeddable":true,"href":"https:\/\/modul1flensburg.eu\/index.php?rest_route=%2Fwp%2Fv2%2Fcategories&post=3408"},{"taxonomy":"post_tag","embeddable":true,"href":"https:\/\/modul1flensburg.eu\/index.php?rest_route=%2Fwp%2Fv2%2Ftags&post=3408"}],"curies":[{"name":"wp","href":"https:\/\/api.w.org\/{rel}","templated":true}]}}