{"id":3456,"date":"2025-05-08T06:23:01","date_gmt":"2025-05-08T06:23:01","guid":{"rendered":"https:\/\/modul1flensburg.eu\/?p=3456"},"modified":"2025-05-08T07:32:58","modified_gmt":"2025-05-08T07:32:58","slug":"europa-aber-sicher-ausstellung-im-modul1","status":"publish","type":"post","link":"https:\/\/modul1flensburg.eu\/?p=3456","title":{"rendered":"Europa &#8211; aber sicher ! Ausstellung im MODUL1"},"content":{"rendered":"\n<p class=\"has-black-color has-text-color has-background\" style=\"background-color:#f8eec0;font-size:16px\"><strong>Arbeiten des Kunstprofils der Kurt-Tucholsky-Schule Flensburg im Rahmen des 72. Europ\u00e4ischen Wettbewerbs<\/strong><\/p>\n\n\n\n<p>Sch\u00fcler\/-innen&nbsp;des&nbsp;13.&nbsp;Jg.&nbsp;des Kunst-Profilkurs&nbsp;der&nbsp;Kurt-Tucholsky-Schule&nbsp;in&nbsp;Flensburg haben&nbsp;sich&nbsp;im Rahmen&nbsp;der&nbsp;Teilnahme&nbsp;am&nbsp;diesj\u00e4hrigen Europ\u00e4ischen&nbsp;Wettbewerb&nbsp;k\u00fcnstlerisch-kritisch&nbsp;mit Ursachen&nbsp;einer&nbsp;ungleichen&nbsp;Verteilung&nbsp;von&nbsp;Ressourcen, Einfluss&nbsp;von&nbsp;sozialen Medien&nbsp;und&nbsp;KI-generierten Deep-Fakes, mit Gef\u00e4hrdung der Sozialen Sicherheit und \u00fcber das&nbsp;Auseinanderdriften&nbsp;der&nbsp;Gesellschaft befasst. Dabei&nbsp;wird&nbsp;immer auch&nbsp;ein&nbsp;Blick&nbsp;auf&nbsp;die&nbsp;europ\u00e4ische&nbsp;Vergangenheit&nbsp;geworfen.<\/p>\n\n\n\n<p>\u00dcber&nbsp;individuelle&nbsp;Zug\u00e4nge&nbsp;zu&nbsp;den&nbsp;Themen&nbsp;entstanden Installationen,&nbsp;Plastiken,&nbsp;Malereien,&nbsp;Grafiken&nbsp;und anderes. Die Arbeiten sind zum&nbsp;Teil&nbsp;sowohl&nbsp;auf&nbsp;Landes-&nbsp;als&nbsp;auch&nbsp;in&nbsp;einem&nbsp;Fall&nbsp;auf&nbsp;Bundesebene pr\u00e4miert worden. Die&nbsp;eigenen&nbsp;Arbeiten&nbsp;wurden&nbsp;fotografisch&nbsp;inszeniert&nbsp;und&nbsp;anschlie\u00dfend&nbsp;gerahmt.<\/p>\n\n\n\n<p>Die&nbsp;Ausstellung soll&nbsp;auf&nbsp;die gesellschaftlichen Herausforderungen&nbsp;f\u00fcr den Europ\u00e4ischen&nbsp;Raum&nbsp;aufmerksam&nbsp;machen und zu&nbsp;einem&nbsp;Diskurs&nbsp;anregen.&nbsp;<\/p>\n\n\n\n<p><strong>Dazu wird eingeladen&nbsp;im&nbsp;Rahmen&nbsp;der&nbsp;Vernissage&nbsp;am&nbsp;09.05.2025 um 17 Uhr im Modul&nbsp;1.<\/strong><\/p>\n\n\n\n<p>Besuche sind bis bis&nbsp;zum&nbsp;15.05.2025&nbsp;m\u00f6glich&nbsp;(Kontakt:&nbsp;<a href=\"mailto:lisanne.jensen@schule-sh.de\">lisanne.jensen@schule-sh.de).<\/a><\/p>\n\n\n\n<figure class=\"wp-block-image size-large is-resized\"><a href=\"https:\/\/modul1flensburg.eu\/wp-content\/uploads\/2025\/05\/Europa-aber-sicher-Ausstellung-Modul-1-2025-Ue-scaled.jpg\"><img decoding=\"async\" loading=\"lazy\" src=\"https:\/\/modul1flensburg.eu\/wp-content\/uploads\/2025\/05\/Europa-aber-sicher-Ausstellung-Modul-1-2025-Ue-724x1024.jpg\" alt=\"\" class=\"wp-image-3462\" width=\"395\" height=\"555\"\/><\/a><\/figure>\n\n\n\n<figure class=\"is-layout-flex wp-block-gallery-1 wp-block-gallery has-nested-images columns-default is-cropped\">\n<figure class=\"wp-block-image size-large\"><a href=\"https:\/\/modul1flensburg.eu\/wp-content\/uploads\/2025\/05\/Europaeischer-Wettbewerb-Ergebnisse-13K-UNI_Seite_09-scaled.jpg\"><img decoding=\"async\" loading=\"lazy\" width=\"724\" height=\"1024\" data-id=\"3466\"  src=\"https:\/\/modul1flensburg.eu\/wp-content\/uploads\/2025\/05\/Europaeischer-Wettbewerb-Ergebnisse-13K-UNI_Seite_09-724x1024.jpg\" alt=\"\" class=\"wp-image-3466\" srcset=\"https:\/\/modul1flensburg.eu\/wp-content\/uploads\/2025\/05\/Europaeischer-Wettbewerb-Ergebnisse-13K-UNI_Seite_09-724x1024.jpg 724w, https:\/\/modul1flensburg.eu\/wp-content\/uploads\/2025\/05\/Europaeischer-Wettbewerb-Ergebnisse-13K-UNI_Seite_09-212x300.jpg 212w, https:\/\/modul1flensburg.eu\/wp-content\/uploads\/2025\/05\/Europaeischer-Wettbewerb-Ergebnisse-13K-UNI_Seite_09-768x1086.jpg 768w, https:\/\/modul1flensburg.eu\/wp-content\/uploads\/2025\/05\/Europaeischer-Wettbewerb-Ergebnisse-13K-UNI_Seite_09-1086x1536.jpg 1086w, https:\/\/modul1flensburg.eu\/wp-content\/uploads\/2025\/05\/Europaeischer-Wettbewerb-Ergebnisse-13K-UNI_Seite_09-1448x2048.jpg 1448w, https:\/\/modul1flensburg.eu\/wp-content\/uploads\/2025\/05\/Europaeischer-Wettbewerb-Ergebnisse-13K-UNI_Seite_09-scaled.jpg 1810w\" sizes=\"(max-width: 724px) 100vw, 724px\" \/><\/a><\/figure>\n\n\n\n<figure class=\"wp-block-image size-large\"><a href=\"https:\/\/modul1flensburg.eu\/wp-content\/uploads\/2025\/05\/Europaeischer-Wettbewerb-Ergebnisse-13K-UNI_Seite_08-scaled.jpg\"><img decoding=\"async\" loading=\"lazy\" width=\"724\" height=\"1024\" data-id=\"3476\"  src=\"https:\/\/modul1flensburg.eu\/wp-content\/uploads\/2025\/05\/Europaeischer-Wettbewerb-Ergebnisse-13K-UNI_Seite_08-724x1024.jpg\" alt=\"\" class=\"wp-image-3476\" srcset=\"https:\/\/modul1flensburg.eu\/wp-content\/uploads\/2025\/05\/Europaeischer-Wettbewerb-Ergebnisse-13K-UNI_Seite_08-724x1024.jpg 724w, https:\/\/modul1flensburg.eu\/wp-content\/uploads\/2025\/05\/Europaeischer-Wettbewerb-Ergebnisse-13K-UNI_Seite_08-212x300.jpg 212w, https:\/\/modul1flensburg.eu\/wp-content\/uploads\/2025\/05\/Europaeischer-Wettbewerb-Ergebnisse-13K-UNI_Seite_08-768x1086.jpg 768w, https:\/\/modul1flensburg.eu\/wp-content\/uploads\/2025\/05\/Europaeischer-Wettbewerb-Ergebnisse-13K-UNI_Seite_08-1086x1536.jpg 1086w, https:\/\/modul1flensburg.eu\/wp-content\/uploads\/2025\/05\/Europaeischer-Wettbewerb-Ergebnisse-13K-UNI_Seite_08-1448x2048.jpg 1448w, https:\/\/modul1flensburg.eu\/wp-content\/uploads\/2025\/05\/Europaeischer-Wettbewerb-Ergebnisse-13K-UNI_Seite_08-scaled.jpg 1810w\" sizes=\"(max-width: 724px) 100vw, 724px\" \/><\/a><\/figure>\n\n\n\n<figure class=\"wp-block-image size-large\"><a href=\"https:\/\/modul1flensburg.eu\/wp-content\/uploads\/2025\/05\/Europaeischer-Wettbewerb-Ergebnisse-13K-UNI_Seite_02.jpg\"><img decoding=\"async\" loading=\"lazy\" width=\"1024\" height=\"724\" data-id=\"3464\"  src=\"https:\/\/modul1flensburg.eu\/wp-content\/uploads\/2025\/05\/Europaeischer-Wettbewerb-Ergebnisse-13K-UNI_Seite_02-1024x724.jpg\" alt=\"\" class=\"wp-image-3464\" srcset=\"https:\/\/modul1flensburg.eu\/wp-content\/uploads\/2025\/05\/Europaeischer-Wettbewerb-Ergebnisse-13K-UNI_Seite_02-1024x724.jpg 1024w, https:\/\/modul1flensburg.eu\/wp-content\/uploads\/2025\/05\/Europaeischer-Wettbewerb-Ergebnisse-13K-UNI_Seite_02-300x212.jpg 300w, https:\/\/modul1flensburg.eu\/wp-content\/uploads\/2025\/05\/Europaeischer-Wettbewerb-Ergebnisse-13K-UNI_Seite_02-768x543.jpg 768w, https:\/\/modul1flensburg.eu\/wp-content\/uploads\/2025\/05\/Europaeischer-Wettbewerb-Ergebnisse-13K-UNI_Seite_02-1536x1086.jpg 1536w, https:\/\/modul1flensburg.eu\/wp-content\/uploads\/2025\/05\/Europaeischer-Wettbewerb-Ergebnisse-13K-UNI_Seite_02.jpg 1704w\" sizes=\"(max-width: 1024px) 100vw, 1024px\" \/><\/a><\/figure>\n<\/figure>\n\n\n\n<pre class=\"wp-block-preformatted has-vivid-red-color has-text-color has-background\" style=\"background-color:#e7f6c7\"><strong>HINWEIS:<\/strong> K\u00e4the Wenzel \u2022 Signs &amp; Bones \u2022 noch bis zum 22. Mai bei Kunst&amp;Co\n<a href=\"https:\/\/www.kunstundco-flensburg.de\" target=\"_blank\" rel=\"noreferrer noopener\">https:\/\/www.kunstundco-flensburg.de<\/a><\/pre>\n","protected":false},"excerpt":{"rendered":"<p>Arbeiten des Kunstprofils der Kurt-Tucholsky-Schule Flensburg im Rahmen des 72. Europ\u00e4ischen Wettbewerbs Sch\u00fcler\/-innen&nbsp;des&nbsp;13.&nbsp;Jg.&nbsp;des Kunst-Profilkurs&nbsp;der&nbsp;Kurt-Tucholsky-Schule&nbsp;in&nbsp;Flensburg haben&nbsp;sich&nbsp;im Rahmen&nbsp;der&nbsp;Teilnahme&nbsp;am&nbsp;diesj\u00e4hrigen Europ\u00e4ischen&nbsp;Wettbewerb&nbsp;k\u00fcnstlerisch-kritisch&nbsp;mit Ursachen&nbsp;einer&nbsp;ungleichen&nbsp;Verteilung&nbsp;von&nbsp;Ressourcen, Einfluss&nbsp;von&nbsp;sozialen Medien&nbsp;und&nbsp;KI-generierten Deep-Fakes, mit Gef\u00e4hrdung der Sozialen Sicherheit und \u00fcber das&nbsp;Auseinanderdriften&nbsp;der&nbsp;Gesellschaft befasst. Dabei&nbsp;wird&nbsp;immer auch&nbsp;ein&nbsp;Blick&nbsp;auf&nbsp;die&nbsp;europ\u00e4ische&nbsp;Vergangenheit&nbsp;geworfen. \u00dcber&nbsp;individuelle&nbsp;Zug\u00e4nge&nbsp;zu&nbsp;den&nbsp;Themen&nbsp;entstanden Installationen,&nbsp;Plastiken,&nbsp;Malereien,&nbsp;Grafiken&nbsp;und anderes. Die Arbeiten sind zum&nbsp;Teil&nbsp;sowohl&nbsp;auf&nbsp;Landes-&nbsp;als&nbsp;auch&nbsp;in&nbsp;einem&nbsp;Fall&nbsp;auf&nbsp;Bundesebene pr\u00e4miert worden. Die&nbsp;eigenen&nbsp;Arbeiten&nbsp;wurden&nbsp;fotografisch&nbsp;inszeniert&nbsp;und&nbsp;anschlie\u00dfend&nbsp;gerahmt. Die&nbsp;Ausstellung soll&nbsp;auf&nbsp;die gesellschaftlichen Herausforderungen&nbsp;f\u00fcr den Europ\u00e4ischen&nbsp;Raum&nbsp;aufmerksam&nbsp;machen und zu&nbsp;einem&nbsp;Diskurs&nbsp;anregen.&nbsp; Dazu wird eingeladen&nbsp;im&nbsp;Rahmen&nbsp;der&nbsp;Vernissage&nbsp;am&nbsp;09.05.2025 um 17 [&hellip;]<\/p>\n","protected":false},"author":2,"featured_media":0,"comment_status":"closed","ping_status":"","sticky":false,"template":"","format":"standard","meta":[],"categories":[1,60],"tags":[61,19],"_links":{"self":[{"href":"https:\/\/modul1flensburg.eu\/index.php?rest_route=\/wp\/v2\/posts\/3456"}],"collection":[{"href":"https:\/\/modul1flensburg.eu\/index.php?rest_route=\/wp\/v2\/posts"}],"about":[{"href":"https:\/\/modul1flensburg.eu\/index.php?rest_route=\/wp\/v2\/types\/post"}],"author":[{"embeddable":true,"href":"https:\/\/modul1flensburg.eu\/index.php?rest_route=\/wp\/v2\/users\/2"}],"replies":[{"embeddable":true,"href":"https:\/\/modul1flensburg.eu\/index.php?rest_route=%2Fwp%2Fv2%2Fcomments&post=3456"}],"version-history":[{"count":26,"href":"https:\/\/modul1flensburg.eu\/index.php?rest_route=\/wp\/v2\/posts\/3456\/revisions"}],"predecessor-version":[{"id":3491,"href":"https:\/\/modul1flensburg.eu\/index.php?rest_route=\/wp\/v2\/posts\/3456\/revisions\/3491"}],"wp:attachment":[{"href":"https:\/\/modul1flensburg.eu\/index.php?rest_route=%2Fwp%2Fv2%2Fmedia&parent=3456"}],"wp:term":[{"taxonomy":"category","embeddable":true,"href":"https:\/\/modul1flensburg.eu\/index.php?rest_route=%2Fwp%2Fv2%2Fcategories&post=3456"},{"taxonomy":"post_tag","embeddable":true,"href":"https:\/\/modul1flensburg.eu\/index.php?rest_route=%2Fwp%2Fv2%2Ftags&post=3456"}],"curies":[{"name":"wp","href":"https:\/\/api.w.org\/{rel}","templated":true}]}}