{"id":3573,"date":"2025-09-09T13:42:12","date_gmt":"2025-09-09T13:42:12","guid":{"rendered":"https:\/\/modul1flensburg.eu\/?p=3573"},"modified":"2025-09-09T13:42:12","modified_gmt":"2025-09-09T13:42:12","slug":"lebenslinien-ueber-das-alter-birte-kloecking-zeigt-fotografien","status":"publish","type":"post","link":"https:\/\/modul1flensburg.eu\/?p=3573","title":{"rendered":"&#8222;Lebenslinien&#8220; \u00dcber das Alter \u2013 Birte Kl\u00f6cking zeigt Fotografien"},"content":{"rendered":"\n<h4 class=\"has-text-align-center has-vivid-red-color has-text-color\" style=\"font-size:15px\"><em>\u201eDie besondere Wirkung der Fotografie des Alters ist es, dass das Leben dem Verfall offensichtlich trotzt.\u201c (Claussen, 2005)<\/em><\/h4>\n\n\n\n<p style=\"font-size:15px\">Im Rahmen ihrer Masterarbeit hat sich <em>Birte Kl\u00f6cking<\/em> fotografisch mit dem Alter auseinandergesetzt. Hierf\u00fcr begleitete sie den Alltag ihrer Gro\u00dfeltern und hielt diesen fotografisch fest. Die Bilder sollen dabei nicht das Ende eines Lebens, sondern einen Abschnitt des Alterungsprozesses zeigen, in dem Erinnerung, Identit\u00e4t und Selbstbestimmung weiterhin pr\u00e4sent bleiben.<\/p>\n\n\n\n<p style=\"font-size:15px\">Die Ausstellung soll dazu einladen, die eigenen Vorstellungen vom Alter zu reflektieren und sich dem eigenen Alterungsprozess bewusst zu werden. <br><br>Birte Kl\u00f6cking ist bereits durch hervorragende fotografische Arbeiten mit atmosph\u00e4rischer Dichte und Ausdruckskraft in Erscheinung getreten.<\/p>\n\n\n\n<p class=\"has-text-color has-background\" style=\"color:#ad1111;background-color:#f1fee2\"><strong>MODUL1 Rote Stra\u00dfe 17<\/strong> \u2022 10. &#8211; 28. September 2025 \u2022 Fr 14-18 \/ Sa 11-14 <\/p>\n\n\n\n<p class=\"has-text-color has-background\" style=\"color:#961b1b;background-color:#f1fee2\"><strong>KULTURNACHT FLENSBURG<\/strong> \u2022 Sa 13. September  17-23 Uhr<\/p>\n\n\n\n<figure class=\"wp-block-image size-large is-resized\"><a href=\"https:\/\/modul1flensburg.eu\/wp-content\/uploads\/2025\/09\/Birte-beim-Bilder-haengen.jpeg\"><img decoding=\"async\" loading=\"lazy\" src=\"https:\/\/modul1flensburg.eu\/wp-content\/uploads\/2025\/09\/Birte-beim-Bilder-haengen-768x1024.jpeg\" alt=\"\" class=\"wp-image-3581\" width=\"387\" height=\"515\" srcset=\"https:\/\/modul1flensburg.eu\/wp-content\/uploads\/2025\/09\/Birte-beim-Bilder-haengen-768x1024.jpeg 768w, https:\/\/modul1flensburg.eu\/wp-content\/uploads\/2025\/09\/Birte-beim-Bilder-haengen-225x300.jpeg 225w, https:\/\/modul1flensburg.eu\/wp-content\/uploads\/2025\/09\/Birte-beim-Bilder-haengen-1152x1536.jpeg 1152w, https:\/\/modul1flensburg.eu\/wp-content\/uploads\/2025\/09\/Birte-beim-Bilder-haengen.jpeg 1536w\" sizes=\"(max-width: 387px) 100vw, 387px\" \/><\/a><figcaption class=\"wp-element-caption\">Birte Kl\u00f6ckings Fotografien weisen eine starke Ausdruckskraft aus, wie auch auf  ihrem Instagram-Account zu sehen ist. <a rel=\"noreferrer noopener\" href=\"https:\/\/www.instagram.com\/birtes.belichtungszeit\/\" target=\"_blank\">https:\/\/www.instagram.com\/birtes.belichtungszeit\/<\/a><\/figcaption><\/figure>\n\n\n\n<figure class=\"wp-block-image size-large\"><a href=\"https:\/\/modul1flensburg.eu\/wp-content\/uploads\/2025\/09\/BirteKloecking_Ausstellung_Plakat_Print-scaled.jpg\"><img decoding=\"async\" loading=\"lazy\" width=\"724\" height=\"1024\" src=\"https:\/\/modul1flensburg.eu\/wp-content\/uploads\/2025\/09\/BirteKloecking_Ausstellung_Plakat_Print-724x1024.jpg\" alt=\"\" class=\"wp-image-3577\" srcset=\"https:\/\/modul1flensburg.eu\/wp-content\/uploads\/2025\/09\/BirteKloecking_Ausstellung_Plakat_Print-724x1024.jpg 724w, https:\/\/modul1flensburg.eu\/wp-content\/uploads\/2025\/09\/BirteKloecking_Ausstellung_Plakat_Print-212x300.jpg 212w, https:\/\/modul1flensburg.eu\/wp-content\/uploads\/2025\/09\/BirteKloecking_Ausstellung_Plakat_Print-768x1086.jpg 768w, https:\/\/modul1flensburg.eu\/wp-content\/uploads\/2025\/09\/BirteKloecking_Ausstellung_Plakat_Print-1086x1536.jpg 1086w, https:\/\/modul1flensburg.eu\/wp-content\/uploads\/2025\/09\/BirteKloecking_Ausstellung_Plakat_Print-1448x2048.jpg 1448w, https:\/\/modul1flensburg.eu\/wp-content\/uploads\/2025\/09\/BirteKloecking_Ausstellung_Plakat_Print-scaled.jpg 1811w\" sizes=\"(max-width: 724px) 100vw, 724px\" \/><\/a><\/figure>\n","protected":false},"excerpt":{"rendered":"<p>\u201eDie besondere Wirkung der Fotografie des Alters ist es, dass das Leben dem Verfall offensichtlich trotzt.\u201c (Claussen, 2005) Im Rahmen ihrer Masterarbeit hat sich Birte Kl\u00f6cking fotografisch mit dem Alter auseinandergesetzt. Hierf\u00fcr begleitete sie den Alltag ihrer Gro\u00dfeltern und hielt diesen fotografisch fest. Die Bilder sollen dabei nicht das Ende eines Lebens, sondern einen Abschnitt [&hellip;]<\/p>\n","protected":false},"author":2,"featured_media":0,"comment_status":"closed","ping_status":"","sticky":false,"template":"","format":"standard","meta":[],"categories":[1,60],"tags":[61,19],"_links":{"self":[{"href":"https:\/\/modul1flensburg.eu\/index.php?rest_route=\/wp\/v2\/posts\/3573"}],"collection":[{"href":"https:\/\/modul1flensburg.eu\/index.php?rest_route=\/wp\/v2\/posts"}],"about":[{"href":"https:\/\/modul1flensburg.eu\/index.php?rest_route=\/wp\/v2\/types\/post"}],"author":[{"embeddable":true,"href":"https:\/\/modul1flensburg.eu\/index.php?rest_route=\/wp\/v2\/users\/2"}],"replies":[{"embeddable":true,"href":"https:\/\/modul1flensburg.eu\/index.php?rest_route=%2Fwp%2Fv2%2Fcomments&post=3573"}],"version-history":[{"count":16,"href":"https:\/\/modul1flensburg.eu\/index.php?rest_route=\/wp\/v2\/posts\/3573\/revisions"}],"predecessor-version":[{"id":3591,"href":"https:\/\/modul1flensburg.eu\/index.php?rest_route=\/wp\/v2\/posts\/3573\/revisions\/3591"}],"wp:attachment":[{"href":"https:\/\/modul1flensburg.eu\/index.php?rest_route=%2Fwp%2Fv2%2Fmedia&parent=3573"}],"wp:term":[{"taxonomy":"category","embeddable":true,"href":"https:\/\/modul1flensburg.eu\/index.php?rest_route=%2Fwp%2Fv2%2Fcategories&post=3573"},{"taxonomy":"post_tag","embeddable":true,"href":"https:\/\/modul1flensburg.eu\/index.php?rest_route=%2Fwp%2Fv2%2Ftags&post=3573"}],"curies":[{"name":"wp","href":"https:\/\/api.w.org\/{rel}","templated":true}]}}