{"id":3646,"date":"2026-01-19T18:00:33","date_gmt":"2026-01-19T18:00:33","guid":{"rendered":"https:\/\/modul1flensburg.eu\/?p=3646"},"modified":"2026-01-19T18:04:08","modified_gmt":"2026-01-19T18:04:08","slug":"balat-fotografische-langzeitbeobachtung","status":"publish","type":"post","link":"https:\/\/modul1flensburg.eu\/?p=3646","title":{"rendered":"BALAT &#8211; fotografische Langzeitbeobachtung"},"content":{"rendered":"\n<p class=\"has-text-color has-background\" style=\"color:#d03c61;background-color:#f3f5f7;font-size:17px\">KOOPERATIONSANK\u00dcNDIGUNG <\/p>\n\n\n\n<p class=\"has-white-background-color has-text-color has-background\" style=\"color:#d03c61;background-color:#f3f5f7;font-size:17px\"><strong>Ausstellung Charlotte Schmitz &amp; Kunststudierende der EUF vom 23.01 bis zum 06.02.\u00a0bei Kunst&amp;Co<\/strong>, <strong>Verein f\u00fcr Gegenwartskunst<\/strong><\/p>\n\n\n\n<p><br>\u00dcber einen Zeitraum von 13 Jahren hat die norddeutsche K\u00fcnstlerin Charlotte Schmitz Frauen und Familien in Balat fotografisch begleitet \u2013 intime Portr\u00e4ts \u00fcber Freundschaften und das allt\u00e4gliche Leben des Istanbuler Stadtteils. Charlotte, selbst in der d\u00e4nischen Minderheit in Schleswig-Holstein aufgewachsen, bringt diese fotografische Langzeitbeobachtung nun in ihre Heimat \u2013 auch als Einladung zum Gespr\u00e4ch \u00fcber Sichtbarkeit, Zugeh\u00f6rigkeit und Repr\u00e4sentation.\u00a0<br>Am 30.01. gibt es dazu ein Gespr\u00e4ch zwischen Charlotte, Dr. Cebel K\u00fc\u00e7\u00fckkaraca (T\u00fcrkische Gemeinde Schleswig-Holstein e.V.) und Rolf Schlotter (Verband Deutscher Sinti und Roma Landesverband Schleswig- Holstein e.V.).<br>Begleitet wird die Balat-Ausstellung von einem Fotobuch, erschienen im Oktober 2025 bei VenAmiga, der bislang umfassendsten Publikation zur Serie. Diese Ausstellung wurde erstmals im Fotografiska Berlin gezeigt, kuratiert von Ilg\u0131n Deniz Akselo\u011flu, und er\u00f6ffnet am 23.01 um 18:00 Uhr im Kunst &amp; Co, mit Musik von Dr. Shabu Shabu.\u00a0<br>Derzeit unterrichtet Charlotte an der Europa-Universit\u00e4t Flensburg in partizipativer Fotografie, und erstmals wird auch eine Auswahl der Studierenden-Arbeiten hier bei Kunst &amp; Co gezeigt.\u00a0<\/p>\n\n\n\n<p>Herzlich laden Charlotte und die Studierenden zu Ausstellungsf\u00fchrungen sowie zu folgenden Gespr\u00e4chen ein:<br><em>\u2022 Celina und Lotte stellen ihr partizipatives Fotoprojekt zu Queerness und Trans-Identit\u00e4t vor (24.01.)<\/em><br>\u2022 <em>Amina Bialas und Dilge\u015f Akba\u015f sprechen \u00fcber ihre fotografische Serie in D\u00f6nerl\u00e4den: pers\u00f6nliche und migrantische Geschichten in Norddeutschland (06.02.)<\/em><\/p>\n\n\n\n<figure class=\"wp-block-image size-large\"><a href=\"https:\/\/modul1flensburg.eu\/wp-content\/uploads\/2026\/01\/Charlotte-Schmitz_Tableau-scaled.jpeg\"><img decoding=\"async\" loading=\"lazy\" width=\"1024\" height=\"854\" src=\"https:\/\/modul1flensburg.eu\/wp-content\/uploads\/2026\/01\/Charlotte-Schmitz_Tableau-1024x854.jpeg\" alt=\"\" class=\"wp-image-3649\" srcset=\"https:\/\/modul1flensburg.eu\/wp-content\/uploads\/2026\/01\/Charlotte-Schmitz_Tableau-1024x854.jpeg 1024w, https:\/\/modul1flensburg.eu\/wp-content\/uploads\/2026\/01\/Charlotte-Schmitz_Tableau-300x250.jpeg 300w, https:\/\/modul1flensburg.eu\/wp-content\/uploads\/2026\/01\/Charlotte-Schmitz_Tableau-768x641.jpeg 768w, https:\/\/modul1flensburg.eu\/wp-content\/uploads\/2026\/01\/Charlotte-Schmitz_Tableau-1536x1282.jpeg 1536w, https:\/\/modul1flensburg.eu\/wp-content\/uploads\/2026\/01\/Charlotte-Schmitz_Tableau-2048x1709.jpeg 2048w\" sizes=\"(max-width: 1024px) 100vw, 1024px\" \/><\/a><\/figure>\n","protected":false},"excerpt":{"rendered":"<p>KOOPERATIONSANK\u00dcNDIGUNG Ausstellung Charlotte Schmitz &amp; Kunststudierende der EUF vom 23.01 bis zum 06.02.\u00a0bei Kunst&amp;Co, Verein f\u00fcr Gegenwartskunst \u00dcber einen Zeitraum von 13 Jahren hat die norddeutsche K\u00fcnstlerin Charlotte Schmitz Frauen und Familien in Balat fotografisch begleitet \u2013 intime Portr\u00e4ts \u00fcber Freundschaften und das allt\u00e4gliche Leben des Istanbuler Stadtteils. Charlotte, selbst in der d\u00e4nischen Minderheit in [&hellip;]<\/p>\n","protected":false},"author":2,"featured_media":0,"comment_status":"closed","ping_status":"","sticky":false,"template":"","format":"standard","meta":[],"categories":[62],"tags":[63,19],"_links":{"self":[{"href":"https:\/\/modul1flensburg.eu\/index.php?rest_route=\/wp\/v2\/posts\/3646"}],"collection":[{"href":"https:\/\/modul1flensburg.eu\/index.php?rest_route=\/wp\/v2\/posts"}],"about":[{"href":"https:\/\/modul1flensburg.eu\/index.php?rest_route=\/wp\/v2\/types\/post"}],"author":[{"embeddable":true,"href":"https:\/\/modul1flensburg.eu\/index.php?rest_route=\/wp\/v2\/users\/2"}],"replies":[{"embeddable":true,"href":"https:\/\/modul1flensburg.eu\/index.php?rest_route=%2Fwp%2Fv2%2Fcomments&post=3646"}],"version-history":[{"count":6,"href":"https:\/\/modul1flensburg.eu\/index.php?rest_route=\/wp\/v2\/posts\/3646\/revisions"}],"predecessor-version":[{"id":3655,"href":"https:\/\/modul1flensburg.eu\/index.php?rest_route=\/wp\/v2\/posts\/3646\/revisions\/3655"}],"wp:attachment":[{"href":"https:\/\/modul1flensburg.eu\/index.php?rest_route=%2Fwp%2Fv2%2Fmedia&parent=3646"}],"wp:term":[{"taxonomy":"category","embeddable":true,"href":"https:\/\/modul1flensburg.eu\/index.php?rest_route=%2Fwp%2Fv2%2Fcategories&post=3646"},{"taxonomy":"post_tag","embeddable":true,"href":"https:\/\/modul1flensburg.eu\/index.php?rest_route=%2Fwp%2Fv2%2Ftags&post=3646"}],"curies":[{"name":"wp","href":"https:\/\/api.w.org\/{rel}","templated":true}]}}