{"id":3665,"date":"2026-03-09T16:25:02","date_gmt":"2026-03-09T16:25:02","guid":{"rendered":"https:\/\/modul1flensburg.eu\/?p=3665"},"modified":"2026-03-09T16:25:02","modified_gmt":"2026-03-09T16:25:02","slug":"endlich-sind-wieder-tage-der-druckkunst","status":"publish","type":"post","link":"https:\/\/modul1flensburg.eu\/?p=3665","title":{"rendered":"<strong>Endlich sind wieder Tage der Druckkunst!<\/strong>"},"content":{"rendered":"\n<p class=\"has-black-color has-text-color has-background\" style=\"background-color:#f5f69a99;font-size:18px\"><strong> Und auch im MODUL1<\/strong> !<\/p>\n\n\n\n<p>Unsere ehemalige Studentin und nun freiberufliche Illustratorin Ann-Katrin Friedrich pr\u00e4sentiert im Rahmen der bundesweiten Tage der Druckkunst ihre neuesten Linoldrucke, die mit fr\u00f6hlichen Motiven und liebevollen Details den Alltag in Norddeutschland einfangen.<\/p>\n\n\n\n<p>Au\u00dferdem gibt es eine Auswahl an fertigen Druckplatten, die gegen Spende gedruckt werden k\u00f6nnen. Linolplatten k\u00f6nnen nicht geschnitten werden. Daf\u00fcr gibt es einen separaten Workshop.<\/p>\n\n\n\n<p class=\"has-text-color has-background\" style=\"color:#781515;background-color:#bce3fb\"><strong>\u00d6ffnungszeiten:<\/strong><\/p>\n\n\n\n<p class=\"has-text-color has-background\" style=\"color:#781515;background-color:#bce3fb\"><strong>Samstag, 14.03.2026, 11:00 \u2013 16:00 Uhr<\/strong><\/p>\n\n\n\n<p class=\"has-text-color has-background\" style=\"color:#781515;background-color:#bce3fb\"><strong>Sonntag, 15.03.2026, 11:00 \u2013 14:00 Uhr<\/strong><\/p>\n\n\n\n<p class=\"has-black-color has-text-color has-background\" style=\"background-color:#eff7c0\"><strong>Modul 1, Rote Str. 17, Flensburg<\/strong><br>Eintritt kostenlos.<br>Drucken ohne Anmeldung, einfach vorbeikommen.<\/p>\n\n\n\n<figure class=\"wp-block-image size-large is-resized\"><a href=\"https:\/\/modul1flensburg.eu\/wp-content\/uploads\/2026\/03\/1-Insta-Drucktage-1.png\"><img decoding=\"async\" loading=\"lazy\" src=\"https:\/\/modul1flensburg.eu\/wp-content\/uploads\/2026\/03\/1-Insta-Drucktage-1-819x1024.png\" alt=\"\" class=\"wp-image-3669\" width=\"527\" height=\"659\" srcset=\"https:\/\/modul1flensburg.eu\/wp-content\/uploads\/2026\/03\/1-Insta-Drucktage-1-819x1024.png 819w, https:\/\/modul1flensburg.eu\/wp-content\/uploads\/2026\/03\/1-Insta-Drucktage-1-240x300.png 240w, https:\/\/modul1flensburg.eu\/wp-content\/uploads\/2026\/03\/1-Insta-Drucktage-1-768x960.png 768w, https:\/\/modul1flensburg.eu\/wp-content\/uploads\/2026\/03\/1-Insta-Drucktage-1-1229x1536.png 1229w, https:\/\/modul1flensburg.eu\/wp-content\/uploads\/2026\/03\/1-Insta-Drucktage-1-1638x2048.png 1638w\" sizes=\"(max-width: 527px) 100vw, 527px\" \/><\/a><\/figure>\n\n\n\n<figure class=\"wp-block-image size-large is-resized\"><a href=\"https:\/\/modul1flensburg.eu\/wp-content\/uploads\/2026\/03\/2-Insta-Drucktage-2.png\"><img decoding=\"async\" loading=\"lazy\" src=\"https:\/\/modul1flensburg.eu\/wp-content\/uploads\/2026\/03\/2-Insta-Drucktage-2-819x1024.png\" alt=\"\" class=\"wp-image-3670\" width=\"524\" height=\"655\" srcset=\"https:\/\/modul1flensburg.eu\/wp-content\/uploads\/2026\/03\/2-Insta-Drucktage-2-819x1024.png 819w, https:\/\/modul1flensburg.eu\/wp-content\/uploads\/2026\/03\/2-Insta-Drucktage-2-240x300.png 240w, https:\/\/modul1flensburg.eu\/wp-content\/uploads\/2026\/03\/2-Insta-Drucktage-2-768x960.png 768w, https:\/\/modul1flensburg.eu\/wp-content\/uploads\/2026\/03\/2-Insta-Drucktage-2-1229x1536.png 1229w, https:\/\/modul1flensburg.eu\/wp-content\/uploads\/2026\/03\/2-Insta-Drucktage-2-1638x2048.png 1638w\" sizes=\"(max-width: 524px) 100vw, 524px\" \/><\/a><\/figure>\n","protected":false},"excerpt":{"rendered":"<p>Und auch im MODUL1 ! Unsere ehemalige Studentin und nun freiberufliche Illustratorin Ann-Katrin Friedrich pr\u00e4sentiert im Rahmen der bundesweiten Tage der Druckkunst ihre neuesten Linoldrucke, die mit fr\u00f6hlichen Motiven und liebevollen Details den Alltag in Norddeutschland einfangen. Au\u00dferdem gibt es eine Auswahl an fertigen Druckplatten, die gegen Spende gedruckt werden k\u00f6nnen. Linolplatten k\u00f6nnen nicht geschnitten [&hellip;]<\/p>\n","protected":false},"author":2,"featured_media":0,"comment_status":"closed","ping_status":"","sticky":false,"template":"","format":"standard","meta":[],"categories":[1,62],"tags":[63,19],"_links":{"self":[{"href":"https:\/\/modul1flensburg.eu\/index.php?rest_route=\/wp\/v2\/posts\/3665"}],"collection":[{"href":"https:\/\/modul1flensburg.eu\/index.php?rest_route=\/wp\/v2\/posts"}],"about":[{"href":"https:\/\/modul1flensburg.eu\/index.php?rest_route=\/wp\/v2\/types\/post"}],"author":[{"embeddable":true,"href":"https:\/\/modul1flensburg.eu\/index.php?rest_route=\/wp\/v2\/users\/2"}],"replies":[{"embeddable":true,"href":"https:\/\/modul1flensburg.eu\/index.php?rest_route=%2Fwp%2Fv2%2Fcomments&post=3665"}],"version-history":[{"count":5,"href":"https:\/\/modul1flensburg.eu\/index.php?rest_route=\/wp\/v2\/posts\/3665\/revisions"}],"predecessor-version":[{"id":3673,"href":"https:\/\/modul1flensburg.eu\/index.php?rest_route=\/wp\/v2\/posts\/3665\/revisions\/3673"}],"wp:attachment":[{"href":"https:\/\/modul1flensburg.eu\/index.php?rest_route=%2Fwp%2Fv2%2Fmedia&parent=3665"}],"wp:term":[{"taxonomy":"category","embeddable":true,"href":"https:\/\/modul1flensburg.eu\/index.php?rest_route=%2Fwp%2Fv2%2Fcategories&post=3665"},{"taxonomy":"post_tag","embeddable":true,"href":"https:\/\/modul1flensburg.eu\/index.php?rest_route=%2Fwp%2Fv2%2Ftags&post=3665"}],"curies":[{"name":"wp","href":"https:\/\/api.w.org\/{rel}","templated":true}]}}