{"id":3691,"date":"2026-05-13T14:38:58","date_gmt":"2026-05-13T14:38:58","guid":{"rendered":"https:\/\/modul1flensburg.eu\/?p=3691"},"modified":"2026-05-14T10:03:24","modified_gmt":"2026-05-14T10:03:24","slug":"kunst-elternschaft-und-migration-im-dialog-yilmazturk-brockmann-im-modul-1","status":"publish","type":"post","link":"https:\/\/modul1flensburg.eu\/?p=3691","title":{"rendered":"Kunst, Elternschaft und Migration im Dialog \u2013  YILMAZTURK &#038; BROCKMANN im MODUL 1"},"content":{"rendered":"\n<figure class=\"wp-block-image size-full\"><a href=\"https:\/\/modul1flensburg.eu\/wp-content\/uploads\/2026\/05\/image.jpg\"><img decoding=\"async\" loading=\"lazy\" width=\"351\" height=\"73\" src=\"https:\/\/modul1flensburg.eu\/wp-content\/uploads\/2026\/05\/image.jpg\" alt=\"\" class=\"wp-image-3692\" srcset=\"https:\/\/modul1flensburg.eu\/wp-content\/uploads\/2026\/05\/image.jpg 351w, https:\/\/modul1flensburg.eu\/wp-content\/uploads\/2026\/05\/image-300x62.jpg 300w\" sizes=\"(max-width: 351px) 100vw, 351px\" \/><\/a><\/figure>\n\n\n\n<p><br><strong>YILMAZTURK &amp; BROCKMANN<\/strong> beteiligen sich mit ihrem Projekt&nbsp;<em>\u201eArtists &amp; Parents Research LAB\u201c<\/em>&nbsp;am bundesweiten Aktionstag&nbsp;<strong>\u201eZusammenhalt in Vielfalt\u201c<\/strong>&nbsp;am 21. Mai 2026 (UNESCO-Welttag der kulturellen Vielfalt &gt; <a href=\"https:\/\/www.kulturelle-integration.de\/termin\/artists-parents-research-lab\/\" target=\"_blank\" rel=\"noreferrer noopener\">https:\/\/www.kulturelle-integration.de\/termin\/artists-parents-research-lab\/<\/a>)<\/p>\n\n\n\n<p>Im Zentrum steht die Frage, wie sich k\u00fcnstlerische Praxis durch Elternschaft ver\u00e4ndert und wie famili\u00e4rer Alltag, Mehrsprachigkeit und Migration k\u00fcnstlerische Prozesse pr\u00e4gen. Die Arbeit von YILMAZTURK &amp; BROCKMANN verbindet Kunst und F\u00fcrsorge in einer kollaborativen Praxis, in die auch ihre Tochter einbezogen wird.<\/p>\n\n\n\n<p>Die Ausstellung versteht sich als offenes Forschungs- und Begegnungsformat und l\u00e4dt dazu ein, \u00fcber Teilhabe, Kreativit\u00e4t und famili\u00e4re Dynamiken nachzudenken.<\/p>\n\n\n\n<p class=\"has-background\" style=\"background-color:#c4f6e2\">Die Ausstellung findet vom&nbsp;<strong>18. bis 22. Mai 2026<\/strong>&nbsp;im MODUL 1, dem Ausstellungsraum der&nbsp;Europa-Universit\u00e4t Flensburg, statt. <strong>\u00d6ffnung 14-18 Uhr am 21.Mai gesonderte \u00d6ffnungszeiten.<\/strong>                   <\/p>\n\n\n\n<p class=\"has-background\" style=\"background-color:#c4f6e2\">Am&nbsp;<strong>21. Mai 2026<\/strong>&nbsp;findet der partizipative Workshop&nbsp;<strong>\u201eLiebe \/ Love \/ A\u015fk\u201c<\/strong>&nbsp;statt, bei dem gemeinsam mit Besucher*innen eine kollektive Wandarbeit entsteht. Im anschlie\u00dfenden Artist Talk werden Fragen kollektiver Autorschaft und Bildsprache diskutiert.<\/p>\n\n\n\n<p><\/p>\n\n\n\n<figure class=\"wp-block-image size-large\"><a href=\"https:\/\/modul1flensburg.eu\/wp-content\/uploads\/2026\/05\/Artists-Parents_2383-3.jpg\"><img decoding=\"async\" loading=\"lazy\" width=\"1002\" height=\"1024\" src=\"https:\/\/modul1flensburg.eu\/wp-content\/uploads\/2026\/05\/Artists-Parents_2383-3-1002x1024.jpg\" alt=\"\" class=\"wp-image-3716\" srcset=\"https:\/\/modul1flensburg.eu\/wp-content\/uploads\/2026\/05\/Artists-Parents_2383-3-1002x1024.jpg 1002w, https:\/\/modul1flensburg.eu\/wp-content\/uploads\/2026\/05\/Artists-Parents_2383-3-293x300.jpg 293w, https:\/\/modul1flensburg.eu\/wp-content\/uploads\/2026\/05\/Artists-Parents_2383-3-768x785.jpg 768w, https:\/\/modul1flensburg.eu\/wp-content\/uploads\/2026\/05\/Artists-Parents_2383-3-1502x1536.jpg 1502w, https:\/\/modul1flensburg.eu\/wp-content\/uploads\/2026\/05\/Artists-Parents_2383-3-2003x2048.jpg 2003w\" sizes=\"(max-width: 1002px) 100vw, 1002px\" \/><\/a><\/figure>\n\n\n\n<p>Das Projekt ist als langfristiges Forschungsformat angelegt und wird an weiteren Orten fortgef\u00fchrt.<\/p>\n\n\n\n<p>Artist &amp; Parents Research Lab im Modul 1 \u2013 Galerieraum der&nbsp;Europa-Universit\u00e4t&nbsp;Flensburg\/Germany. <a rel=\"noreferrer noopener\" href=\"https:\/\/modul1flensburg.eu\" target=\"_blank\">https:\/\/modul1flensburg.eu<\/a><br>Exhibition&nbsp;\/&nbsp;November&nbsp;\u2013&nbsp;December&nbsp;2026 Kunst&amp;Co, Verein f\u00fcr Gegenwartskunst Flensburg\/Germany. &nbsp;<a href=\"https:\/\/www.kunstundco-flensburg.de\/\">https:\/\/www.kunstundco-flensburg.de\/<\/a><br>Planned&nbsp;2027\/2028&nbsp;(Application):&nbsp;PASAJ&nbsp;|&nbsp;Ba\u011f\u0131ms\u0131z&nbsp;Sanat&nbsp;Alan\u0131 |&nbsp;PASAJist&nbsp;|&nbsp;T\u00fcrkiye<br>Weitere&nbsp;\u201eOpen&nbsp;Calls\u201c&nbsp;in&nbsp;Europa<\/p>\n\n\n\n<p class=\"has-text-color has-small-font-size\" style=\"color:#0faf74\"><em><strong>*<\/strong>BROCKMANN ist ehemaliger Kunststudierender der Europa-Universit\u00e4t Flensburg<strong>.<\/strong><\/em> <\/p>\n\n\n\n<p class=\"has-text-color has-small-font-size\" style=\"color:#0faf74\"><em>Yilmazturk &amp; Brockmann ist ein<\/em> <em>interdisziplin\u00e4res K\u00fcnstlerpaar, bestehend aus Nejla Yilmazturk und Gerd G.M. Brockmann, das seit 2012 an der Schnittstelle von Mode-Design und bildender Kunst arbeitet.<\/em> <br>Website:&nbsp;<a rel=\"noreferrer noopener\" href=\"http:\/\/www.artprojectbrockmann.com\/\" target=\"_blank\">www.artprojectbrockmann.com<\/a><br>Kontakt: Yilmazturk &amp; Brockmann (Atelier Nejla Yilmazturk &amp; G.G.M.Brockmann)<br>Social Media Kan\u00e4le: <a rel=\"noreferrer noopener\" href=\"http:\/\/@artprojectbrockmann Instagram\" target=\"_blank\">@artprojectbrockmann Instagram<\/a><\/p>\n\n\n\n<hr class=\"wp-block-separator has-alpha-channel-opacity\"\/>\n\n\n\n<pre class=\"wp-block-preformatted has-vivid-red-color has-text-color has-background has-medium-font-size\" style=\"background-color:#fff4d5\">ANK\u00dcNDIGUNG in KOOPERATION MIT DER KUNSTFACHSCHAFT DER EUF\n\n<img decoding=\"async\" loading=\"lazy\" width=\"1748\" height=\"2458\" class=\"wp-image-3709\" style=\"width: 400px;\" src=\"https:\/\/modul1flensburg.eu\/wp-content\/uploads\/2026\/05\/Flyer_Kaufende.jpeg\" alt=\"\" srcset=\"https:\/\/modul1flensburg.eu\/wp-content\/uploads\/2026\/05\/Flyer_Kaufende.jpeg 1748w, https:\/\/modul1flensburg.eu\/wp-content\/uploads\/2026\/05\/Flyer_Kaufende-213x300.jpeg 213w, https:\/\/modul1flensburg.eu\/wp-content\/uploads\/2026\/05\/Flyer_Kaufende-728x1024.jpeg 728w, https:\/\/modul1flensburg.eu\/wp-content\/uploads\/2026\/05\/Flyer_Kaufende-768x1080.jpeg 768w, https:\/\/modul1flensburg.eu\/wp-content\/uploads\/2026\/05\/Flyer_Kaufende-1092x1536.jpeg 1092w, https:\/\/modul1flensburg.eu\/wp-content\/uploads\/2026\/05\/Flyer_Kaufende-1456x2048.jpeg 1456w\" sizes=\"(max-width: 1748px) 100vw, 1748px\" \/>\n<\/pre>\n\n\n\n<p><img decoding=\"async\" class=\"wp-image-3708\" style=\"width: 150px;\" src=\"https:\/\/modul1flensburg.eu\/wp-content\/uploads\/2026\/05\/Flyer_Kaufende-scaled.jpg\" alt=\"\"><\/p>\n","protected":false},"excerpt":{"rendered":"<p>YILMAZTURK &amp; BROCKMANN beteiligen sich mit ihrem Projekt&nbsp;\u201eArtists &amp; Parents Research LAB\u201c&nbsp;am bundesweiten Aktionstag&nbsp;\u201eZusammenhalt in Vielfalt\u201c&nbsp;am 21. Mai 2026 (UNESCO-Welttag der kulturellen Vielfalt &gt; https:\/\/www.kulturelle-integration.de\/termin\/artists-parents-research-lab\/) Im Zentrum steht die Frage, wie sich k\u00fcnstlerische Praxis durch Elternschaft ver\u00e4ndert und wie famili\u00e4rer Alltag, Mehrsprachigkeit und Migration k\u00fcnstlerische Prozesse pr\u00e4gen. Die Arbeit von YILMAZTURK &amp; BROCKMANN verbindet Kunst [&hellip;]<\/p>\n","protected":false},"author":2,"featured_media":0,"comment_status":"closed","ping_status":"","sticky":false,"template":"","format":"standard","meta":[],"categories":[1,62],"tags":[63,19],"_links":{"self":[{"href":"https:\/\/modul1flensburg.eu\/index.php?rest_route=\/wp\/v2\/posts\/3691"}],"collection":[{"href":"https:\/\/modul1flensburg.eu\/index.php?rest_route=\/wp\/v2\/posts"}],"about":[{"href":"https:\/\/modul1flensburg.eu\/index.php?rest_route=\/wp\/v2\/types\/post"}],"author":[{"embeddable":true,"href":"https:\/\/modul1flensburg.eu\/index.php?rest_route=\/wp\/v2\/users\/2"}],"replies":[{"embeddable":true,"href":"https:\/\/modul1flensburg.eu\/index.php?rest_route=%2Fwp%2Fv2%2Fcomments&post=3691"}],"version-history":[{"count":25,"href":"https:\/\/modul1flensburg.eu\/index.php?rest_route=\/wp\/v2\/posts\/3691\/revisions"}],"predecessor-version":[{"id":3730,"href":"https:\/\/modul1flensburg.eu\/index.php?rest_route=\/wp\/v2\/posts\/3691\/revisions\/3730"}],"wp:attachment":[{"href":"https:\/\/modul1flensburg.eu\/index.php?rest_route=%2Fwp%2Fv2%2Fmedia&parent=3691"}],"wp:term":[{"taxonomy":"category","embeddable":true,"href":"https:\/\/modul1flensburg.eu\/index.php?rest_route=%2Fwp%2Fv2%2Fcategories&post=3691"},{"taxonomy":"post_tag","embeddable":true,"href":"https:\/\/modul1flensburg.eu\/index.php?rest_route=%2Fwp%2Fv2%2Ftags&post=3691"}],"curies":[{"name":"wp","href":"https:\/\/api.w.org\/{rel}","templated":true}]}}