{"id":3732,"date":"2026-05-30T09:35:53","date_gmt":"2026-05-30T09:35:53","guid":{"rendered":"https:\/\/modul1flensburg.eu\/?p=3732"},"modified":"2026-06-02T15:28:09","modified_gmt":"2026-06-02T15:28:09","slug":"splitterfasernackt-im-modul1","status":"publish","type":"post","link":"https:\/\/modul1flensburg.eu\/?p=3732","title":{"rendered":"&#8222;SPLITTERFASERNACKT&#8220; im MODUL1"},"content":{"rendered":"\n<p style=\"font-size:17px\"><strong> 3-Semester-Ausstellung von Kunststudierenden der Europa-Universit\u00e4t Flensburg<\/strong><\/p>\n\n\n\n<p class=\"has-background\" style=\"background-color:#e6f0c0\">Vom 5. bis 13. Juni 2026 zeigen Kunststudierende der Europa-Universit\u00e4t Flensburg aktuelle Arbeiten aus den vergangenen drei Semestern \u2013 an zwei Ausstellungsorten mitten in Flensburg: im MODUL1 in der Roten Stra\u00dfe sowie bei Kunst&amp;Co im Klostergang.<\/p>\n\n\n\n<p>Unter dem Titel&nbsp;<strong>\u201eSPLITTERFASERNACKT\u201c<\/strong>&nbsp;versammelt die Ausstellung unterschiedliche k\u00fcnstlerische Positionen zwischen Malerei, Zeichnung, Installation, Fotografie, Video und Objekt. Die Arbeiten bewegen sich zwischen pers\u00f6nlichen Erfahrungen, gesellschaftlichen Fragestellungen und experimentellen Ans\u00e4tzen. Fragmentarisches trifft auf Direktheit, leise Beobachtungen auf offene Statements.<\/p>\n\n\n\n<p>Die Ausstellung versteht sich nicht nur als Pr\u00e4sentation studentischer Arbeiten, sondern auch als Einladung zum Austausch: \u00fcber Kunst, Wahrnehmung und aktuelle Themen, die junge K\u00fcnstler&nbsp;heute besch\u00e4ftigen. Die Studierenden freuen sich auf viele Besucher, spannende Begegnungen und gemeinsame Gespr\u00e4che zwischen Kunst, Alltag und neuen Perspektiven.<\/p>\n\n\n\n<p class=\"has-background\" style=\"background-color:#ecf7c8\">Die Er\u00f6ffnung findet am Freitag, den 5. Juni 2026 um 18 Uhr bei Kunst&amp;Co statt \u2013 mit Musik, Getr\u00e4nken und Gelegenheit zu Gespr\u00e4chen mit den Studierenden.<\/p>\n\n\n\n<p class=\"has-vivid-red-color has-text-color\"><strong>Ausstellungsorte:<br>MODUL1 | Rote Stra\u00dfe 17<br>Kunst&amp;Co | Klostergang 8a<\/strong><\/p>\n\n\n\n<p class=\"has-vivid-red-color has-text-color\"><strong>\u00d6ffnungszeiten:<br>Montag bis Freitag | 16\u201319 Uhr<br>Samstag, Sonntag &amp; Feiertage | 11\u201315 Uhr<\/strong><\/p>\n\n\n\n<p class=\"has-background\" style=\"background-color:#f3fadc\">ONLINE-KATALOG ANSEHEN<strong> > Click <\/strong>AUFS BILD<\/p>\n\n\n\n<figure class=\"wp-block-image size-large\"><a href=\"https:\/\/online.flipbuilder.com\/luawj\/spfc\/\"><img decoding=\"async\" loading=\"lazy\" width=\"724\" height=\"1024\" src=\"https:\/\/modul1flensburg.eu\/wp-content\/uploads\/2026\/05\/Plakat-724x1024.jpg\" alt=\"\" class=\"wp-image-3733\" srcset=\"https:\/\/modul1flensburg.eu\/wp-content\/uploads\/2026\/05\/Plakat-724x1024.jpg 724w, https:\/\/modul1flensburg.eu\/wp-content\/uploads\/2026\/05\/Plakat-212x300.jpg 212w, https:\/\/modul1flensburg.eu\/wp-content\/uploads\/2026\/05\/Plakat-768x1086.jpg 768w, https:\/\/modul1flensburg.eu\/wp-content\/uploads\/2026\/05\/Plakat-1086x1536.jpg 1086w, https:\/\/modul1flensburg.eu\/wp-content\/uploads\/2026\/05\/Plakat.jpg 1414w\" sizes=\"(max-width: 724px) 100vw, 724px\" \/><\/a><\/figure>\n\n\n\n<p><\/p>\n","protected":false},"excerpt":{"rendered":"<p>3-Semester-Ausstellung von Kunststudierenden der Europa-Universit\u00e4t Flensburg Vom 5. bis 13. Juni 2026 zeigen Kunststudierende der Europa-Universit\u00e4t Flensburg aktuelle Arbeiten aus den vergangenen drei Semestern \u2013 an zwei Ausstellungsorten mitten in Flensburg: im MODUL1 in der Roten Stra\u00dfe sowie bei Kunst&amp;Co im Klostergang. Unter dem Titel&nbsp;\u201eSPLITTERFASERNACKT\u201c&nbsp;versammelt die Ausstellung unterschiedliche k\u00fcnstlerische Positionen zwischen Malerei, Zeichnung, Installation, Fotografie, [&hellip;]<\/p>\n","protected":false},"author":2,"featured_media":0,"comment_status":"closed","ping_status":"","sticky":false,"template":"","format":"standard","meta":[],"categories":[1,62],"tags":[63,19],"_links":{"self":[{"href":"https:\/\/modul1flensburg.eu\/index.php?rest_route=\/wp\/v2\/posts\/3732"}],"collection":[{"href":"https:\/\/modul1flensburg.eu\/index.php?rest_route=\/wp\/v2\/posts"}],"about":[{"href":"https:\/\/modul1flensburg.eu\/index.php?rest_route=\/wp\/v2\/types\/post"}],"author":[{"embeddable":true,"href":"https:\/\/modul1flensburg.eu\/index.php?rest_route=\/wp\/v2\/users\/2"}],"replies":[{"embeddable":true,"href":"https:\/\/modul1flensburg.eu\/index.php?rest_route=%2Fwp%2Fv2%2Fcomments&post=3732"}],"version-history":[{"count":9,"href":"https:\/\/modul1flensburg.eu\/index.php?rest_route=\/wp\/v2\/posts\/3732\/revisions"}],"predecessor-version":[{"id":3743,"href":"https:\/\/modul1flensburg.eu\/index.php?rest_route=\/wp\/v2\/posts\/3732\/revisions\/3743"}],"wp:attachment":[{"href":"https:\/\/modul1flensburg.eu\/index.php?rest_route=%2Fwp%2Fv2%2Fmedia&parent=3732"}],"wp:term":[{"taxonomy":"category","embeddable":true,"href":"https:\/\/modul1flensburg.eu\/index.php?rest_route=%2Fwp%2Fv2%2Fcategories&post=3732"},{"taxonomy":"post_tag","embeddable":true,"href":"https:\/\/modul1flensburg.eu\/index.php?rest_route=%2Fwp%2Fv2%2Ftags&post=3732"}],"curies":[{"name":"wp","href":"https:\/\/api.w.org\/{rel}","templated":true}]}}