{"id":3745,"date":"2026-06-15T11:39:00","date_gmt":"2026-06-15T11:39:00","guid":{"rendered":"https:\/\/modul1flensburg.eu\/?p=3745"},"modified":"2026-06-15T11:39:35","modified_gmt":"2026-06-15T11:39:35","slug":"frauenmantel-e-v-eine-starke-gemeinschaft-praesentiert-sich-im-modul1","status":"publish","type":"post","link":"https:\/\/modul1flensburg.eu\/?p=3745","title":{"rendered":"Frauenmantel e.V. &#8211; eine starke Gemeinschaft pr\u00e4sentiert sich im MODUL1"},"content":{"rendered":"\n<p>Ein Team aus drei\u00a0Studierenden\u00a0veranstaltet im Rahmen einer Vorlesung\u00a0<strong>&#8222;Service Learning\u00a0Projekt&#8220;<\/strong>\u00a0eine\u00a0Kunstausstellung zugunsten von Frauenmantel e.V. Gezeigt werden Kunstwerke, die von Frauen aus dem Verein geschaffen wurden.\u00a0Frauenmantel e.V. unterst\u00fctzt seit \u00fcber 40 Jahren Frauen in schwierigen Lebenssituationen\u00a0in der Region Flensburg mit Beratung\u00a0und Gemeinschaft.\u00a0<\/p>\n\n\n\n<p class=\"has-background\" style=\"background-color:#dffac0\"><strong>Die\u00a0Veranstaltung findet\u00a0am 19.6. von 14-18 Uhr sowie am 20.6. von 11-15 Uhr statt.\u00a0<\/strong><\/p>\n\n\n\n<p>Der Eintritt ist frei, Besuchende haben die M\u00f6glichkeit eine F\u00f6rdermitgliedschaft abzuschlie\u00dfen, um den Verein zu unterst\u00fctzen,\u00a0wenn sie m\u00f6chten.\u00a0<\/p>\n\n\n\n<figure class=\"is-layout-flex wp-block-gallery-1 wp-block-gallery alignwide has-nested-images columns-default is-cropped\">\n<figure class=\"wp-block-image size-large\"><img decoding=\"async\" loading=\"lazy\" width=\"512\" height=\"1024\" data-id=\"3746\"  src=\"https:\/\/modul1flensburg.eu\/wp-content\/uploads\/2026\/06\/fm_flyer_105x210mm_A_Seite_1-512x1024.jpg\" alt=\"\" class=\"wp-image-3746\" srcset=\"https:\/\/modul1flensburg.eu\/wp-content\/uploads\/2026\/06\/fm_flyer_105x210mm_A_Seite_1-512x1024.jpg 512w, https:\/\/modul1flensburg.eu\/wp-content\/uploads\/2026\/06\/fm_flyer_105x210mm_A_Seite_1-150x300.jpg 150w, https:\/\/modul1flensburg.eu\/wp-content\/uploads\/2026\/06\/fm_flyer_105x210mm_A_Seite_1-768x1536.jpg 768w, https:\/\/modul1flensburg.eu\/wp-content\/uploads\/2026\/06\/fm_flyer_105x210mm_A_Seite_1-1024x2048.jpg 1024w, https:\/\/modul1flensburg.eu\/wp-content\/uploads\/2026\/06\/fm_flyer_105x210mm_A_Seite_1.jpg 1241w\" sizes=\"(max-width: 512px) 100vw, 512px\" \/><\/figure>\n\n\n\n<figure class=\"wp-block-image size-large\"><img decoding=\"async\" loading=\"lazy\" width=\"1024\" height=\"1024\" data-id=\"3748\"  src=\"https:\/\/modul1flensburg.eu\/wp-content\/uploads\/2026\/06\/fm_flyer_105x210mm_A_Seite_2-1024x1024.jpg\" alt=\"\" class=\"wp-image-3748\" srcset=\"https:\/\/modul1flensburg.eu\/wp-content\/uploads\/2026\/06\/fm_flyer_105x210mm_A_Seite_2-1024x1024.jpg 1024w, https:\/\/modul1flensburg.eu\/wp-content\/uploads\/2026\/06\/fm_flyer_105x210mm_A_Seite_2-300x300.jpg 300w, https:\/\/modul1flensburg.eu\/wp-content\/uploads\/2026\/06\/fm_flyer_105x210mm_A_Seite_2-150x150.jpg 150w, https:\/\/modul1flensburg.eu\/wp-content\/uploads\/2026\/06\/fm_flyer_105x210mm_A_Seite_2-768x768.jpg 768w, https:\/\/modul1flensburg.eu\/wp-content\/uploads\/2026\/06\/fm_flyer_105x210mm_A_Seite_2-1536x1536.jpg 1536w, https:\/\/modul1flensburg.eu\/wp-content\/uploads\/2026\/06\/fm_flyer_105x210mm_A_Seite_2.jpg 1654w\" sizes=\"(max-width: 1024px) 100vw, 1024px\" \/><\/figure>\n\n\n\n<figure class=\"wp-block-image size-large\"><img decoding=\"async\" loading=\"lazy\" width=\"512\" height=\"1024\" data-id=\"3749\"  src=\"https:\/\/modul1flensburg.eu\/wp-content\/uploads\/2026\/06\/fm_flyer_105x210mm_A_Seite_3-512x1024.jpg\" alt=\"\" class=\"wp-image-3749\" srcset=\"https:\/\/modul1flensburg.eu\/wp-content\/uploads\/2026\/06\/fm_flyer_105x210mm_A_Seite_3-512x1024.jpg 512w, https:\/\/modul1flensburg.eu\/wp-content\/uploads\/2026\/06\/fm_flyer_105x210mm_A_Seite_3-150x300.jpg 150w, https:\/\/modul1flensburg.eu\/wp-content\/uploads\/2026\/06\/fm_flyer_105x210mm_A_Seite_3-768x1536.jpg 768w, https:\/\/modul1flensburg.eu\/wp-content\/uploads\/2026\/06\/fm_flyer_105x210mm_A_Seite_3-1024x2048.jpg 1024w, https:\/\/modul1flensburg.eu\/wp-content\/uploads\/2026\/06\/fm_flyer_105x210mm_A_Seite_3.jpg 1241w\" sizes=\"(max-width: 512px) 100vw, 512px\" \/><\/figure>\n<\/figure>\n","protected":false},"excerpt":{"rendered":"<p>Ein Team aus drei\u00a0Studierenden\u00a0veranstaltet im Rahmen einer Vorlesung\u00a0&#8222;Service Learning\u00a0Projekt&#8220;\u00a0eine\u00a0Kunstausstellung zugunsten von Frauenmantel e.V. Gezeigt werden Kunstwerke, die von Frauen aus dem Verein geschaffen wurden.\u00a0Frauenmantel e.V. unterst\u00fctzt seit \u00fcber 40 Jahren Frauen in schwierigen Lebenssituationen\u00a0in der Region Flensburg mit Beratung\u00a0und Gemeinschaft.\u00a0 Die\u00a0Veranstaltung findet\u00a0am 19.6. von 14-18 Uhr sowie am 20.6. von 11-15 Uhr statt.\u00a0 Der Eintritt [&hellip;]<\/p>\n","protected":false},"author":2,"featured_media":0,"comment_status":"closed","ping_status":"","sticky":false,"template":"","format":"standard","meta":[],"categories":[1,62],"tags":[63,19],"_links":{"self":[{"href":"https:\/\/modul1flensburg.eu\/index.php?rest_route=\/wp\/v2\/posts\/3745"}],"collection":[{"href":"https:\/\/modul1flensburg.eu\/index.php?rest_route=\/wp\/v2\/posts"}],"about":[{"href":"https:\/\/modul1flensburg.eu\/index.php?rest_route=\/wp\/v2\/types\/post"}],"author":[{"embeddable":true,"href":"https:\/\/modul1flensburg.eu\/index.php?rest_route=\/wp\/v2\/users\/2"}],"replies":[{"embeddable":true,"href":"https:\/\/modul1flensburg.eu\/index.php?rest_route=%2Fwp%2Fv2%2Fcomments&post=3745"}],"version-history":[{"count":4,"href":"https:\/\/modul1flensburg.eu\/index.php?rest_route=\/wp\/v2\/posts\/3745\/revisions"}],"predecessor-version":[{"id":3753,"href":"https:\/\/modul1flensburg.eu\/index.php?rest_route=\/wp\/v2\/posts\/3745\/revisions\/3753"}],"wp:attachment":[{"href":"https:\/\/modul1flensburg.eu\/index.php?rest_route=%2Fwp%2Fv2%2Fmedia&parent=3745"}],"wp:term":[{"taxonomy":"category","embeddable":true,"href":"https:\/\/modul1flensburg.eu\/index.php?rest_route=%2Fwp%2Fv2%2Fcategories&post=3745"},{"taxonomy":"post_tag","embeddable":true,"href":"https:\/\/modul1flensburg.eu\/index.php?rest_route=%2Fwp%2Fv2%2Ftags&post=3745"}],"curies":[{"name":"wp","href":"https:\/\/api.w.org\/{rel}","templated":true}]}}