{"id":537,"date":"2013-02-19T19:00:11","date_gmt":"2013-02-19T19:00:11","guid":{"rendered":"https:\/\/modul1flensburg.eu\/?p=537"},"modified":"2013-02-19T19:24:01","modified_gmt":"2013-02-19T19:24:01","slug":"skulpfoto-fotoarbeiten-von-studierenden-im-modul1","status":"publish","type":"post","link":"https:\/\/modul1flensburg.eu\/?p=537","title":{"rendered":"&#8222;Skulpfoto&#8220; &#8211; Von der Fotografie zum Foto-Objekt"},"content":{"rendered":"<p>&nbsp;<br \/>\n<strong><a href=\"https:\/\/modul1flensburg.eu\/wp-content\/uploads\/2013\/02\/Ausstellungsplakat3.jpg\"><img decoding=\"async\" loading=\"lazy\" class=\"alignleft size-medium wp-image-543\" title=\"Ausstellungsplakat3\" src=\"https:\/\/modul1flensburg.eu\/wp-content\/uploads\/2013\/02\/Ausstellungsplakat3-200x300.jpg\" alt=\"\" width=\"160\" height=\"240\" srcset=\"https:\/\/modul1flensburg.eu\/wp-content\/uploads\/2013\/02\/Ausstellungsplakat3-200x300.jpg 200w, https:\/\/modul1flensburg.eu\/wp-content\/uploads\/2013\/02\/Ausstellungsplakat3-683x1024.jpg 683w, https:\/\/modul1flensburg.eu\/wp-content\/uploads\/2013\/02\/Ausstellungsplakat3.jpg 944w\" sizes=\"(max-width: 160px) 100vw, 160px\" \/><br \/>\n<\/a>&#8222;Skulpfoto&#8220;<\/strong> &#8211; ein ungew\u00f6hnlicher Name, der sich ableitet aus Fotografien, die zum Fotobjekt wurden. Studierende der Kunst haben in ihrem 3.Semester dokumentarische Aufnahmen &#8222;<strong>rund um Hafen und Nordertor&#8220;<\/strong> erstellt und diese in einem k\u00fcnstlerischen Gestaltungsprozess objekthaft erweitert. Die Ausstellung f\u00fcllt das MODUL1 w\u00e4hrend der vorlesungsfreien Zeit und wird Anfang April mit einer Finissage beendet werden. Zu betrachten sind die Arbeiten am <strong>22. und 23. Februar, am 27. Februar und am 1.\/2. M\u00e4rz<\/strong> oder auf Anfrage. F\u00fcr die Passanten in der Roten Stra\u00dfe wird au\u00dferhalb der \u00d6ffnungszeiten eine Pr\u00e4sentation im Schaufenster des MODUL1 zu sehen sein. Weitere Arbeiten, Hinweise, Konzepte \u00a0zum Entwicklungsprozess sind auf der Arbeitsplattform\u00a0<a href=\"https:\/\/www.unikunstfoto.jimdo.com\">www.unikunstfoto.jimdo.com<\/a> zu sehen.<\/p>\n<p>&nbsp;<br \/>\n<div id=\"attachment_538\" style=\"width: 453px\" class=\"wp-caption alignnone\"><a href=\"https:\/\/modul1flensburg.eu\/wp-content\/uploads\/2013\/02\/Foto-67-Kopie.jpg\"><img aria-describedby=\"caption-attachment-538\" decoding=\"async\" loading=\"lazy\" class=\"size-full wp-image-538 \" title=\"Foto-67 Kopie\" src=\"https:\/\/modul1flensburg.eu\/wp-content\/uploads\/2013\/02\/Foto-67-Kopie.jpg\" alt=\"\" width=\"443\" height=\"332\" srcset=\"https:\/\/modul1flensburg.eu\/wp-content\/uploads\/2013\/02\/Foto-67-Kopie.jpg 640w, https:\/\/modul1flensburg.eu\/wp-content\/uploads\/2013\/02\/Foto-67-Kopie-300x225.jpg 300w\" sizes=\"(max-width: 443px) 100vw, 443px\" \/><\/a><p id=\"caption-attachment-538\" class=\"wp-caption-text\">Freuen sich auf Gespr\u00e4che \u00fcber ihre Arbeiten: Ann-Katrin Bracker, Hauke Jacobsen und Lisa Werkmeister (v.l.)<\/p><\/div><\/p>\n","protected":false},"excerpt":{"rendered":"<p>&nbsp; &#8222;Skulpfoto&#8220; &#8211; ein ungew\u00f6hnlicher Name, der sich ableitet aus Fotografien, die zum Fotobjekt wurden. Studierende der Kunst haben in ihrem 3.Semester dokumentarische Aufnahmen &#8222;rund um Hafen und Nordertor&#8220; erstellt und diese in einem k\u00fcnstlerischen Gestaltungsprozess objekthaft erweitert. Die Ausstellung f\u00fcllt das MODUL1 w\u00e4hrend der vorlesungsfreien Zeit und wird Anfang April mit einer Finissage beendet [&hellip;]<\/p>\n","protected":false},"author":2,"featured_media":0,"comment_status":"closed","ping_status":"closed","sticky":false,"template":"","format":"standard","meta":[],"categories":[1,20],"tags":[22,19],"_links":{"self":[{"href":"https:\/\/modul1flensburg.eu\/index.php?rest_route=\/wp\/v2\/posts\/537"}],"collection":[{"href":"https:\/\/modul1flensburg.eu\/index.php?rest_route=\/wp\/v2\/posts"}],"about":[{"href":"https:\/\/modul1flensburg.eu\/index.php?rest_route=\/wp\/v2\/types\/post"}],"author":[{"embeddable":true,"href":"https:\/\/modul1flensburg.eu\/index.php?rest_route=\/wp\/v2\/users\/2"}],"replies":[{"embeddable":true,"href":"https:\/\/modul1flensburg.eu\/index.php?rest_route=%2Fwp%2Fv2%2Fcomments&post=537"}],"version-history":[{"count":13,"href":"https:\/\/modul1flensburg.eu\/index.php?rest_route=\/wp\/v2\/posts\/537\/revisions"}],"predecessor-version":[{"id":556,"href":"https:\/\/modul1flensburg.eu\/index.php?rest_route=\/wp\/v2\/posts\/537\/revisions\/556"}],"wp:attachment":[{"href":"https:\/\/modul1flensburg.eu\/index.php?rest_route=%2Fwp%2Fv2%2Fmedia&parent=537"}],"wp:term":[{"taxonomy":"category","embeddable":true,"href":"https:\/\/modul1flensburg.eu\/index.php?rest_route=%2Fwp%2Fv2%2Fcategories&post=537"},{"taxonomy":"post_tag","embeddable":true,"href":"https:\/\/modul1flensburg.eu\/index.php?rest_route=%2Fwp%2Fv2%2Ftags&post=537"}],"curies":[{"name":"wp","href":"https:\/\/api.w.org\/{rel}","templated":true}]}}