{"id":576,"date":"2013-05-30T16:28:45","date_gmt":"2013-05-30T16:28:45","guid":{"rendered":"https:\/\/modul1flensburg.eu\/?p=576"},"modified":"2013-05-30T16:31:23","modified_gmt":"2013-05-30T16:31:23","slug":"576","status":"publish","type":"post","link":"https:\/\/modul1flensburg.eu\/?p=576","title":{"rendered":"Artgoing Project"},"content":{"rendered":"<dl class=\"wp-caption alignnone\" id=\"attachment_577\" style=\"width: 1350px;\">\n<dt class=\"wp-caption-dt\"><\/dt>\n<dd class=\"wp-caption-dd\"><\/dd>\n<\/dl>\n<p><a href=\"https:\/\/modul1flensburg.eu\/wp-content\/uploads\/2013\/05\/Auto_3f6354_39b156c6ff387fa04afd0ca521f32a07.png_srz_446_326_75_22_0.50_1.20_0.00_png_srz.png\"><img decoding=\"async\" loading=\"lazy\" class=\"wp-image-578 alignleft\" alt=\"Auto_3f6354_39b156c6ff387fa04afd0ca521f32a07.png_srz_446_326_75_22_0.50_1.20_0.00_png_srz\" src=\"https:\/\/modul1flensburg.eu\/wp-content\/uploads\/2013\/05\/Auto_3f6354_39b156c6ff387fa04afd0ca521f32a07.png_srz_446_326_75_22_0.50_1.20_0.00_png_srz.png\" width=\"247\" height=\"181\" srcset=\"https:\/\/modul1flensburg.eu\/wp-content\/uploads\/2013\/05\/Auto_3f6354_39b156c6ff387fa04afd0ca521f32a07.png_srz_446_326_75_22_0.50_1.20_0.00_png_srz.png 446w, https:\/\/modul1flensburg.eu\/wp-content\/uploads\/2013\/05\/Auto_3f6354_39b156c6ff387fa04afd0ca521f32a07.png_srz_446_326_75_22_0.50_1.20_0.00_png_srz-300x219.png 300w\" sizes=\"(max-width: 247px) 100vw, 247px\" \/><\/a><strong><\/strong><\/p>\n<p><strong>Ausstellungen im MODUL1<\/strong> basieren h\u00e4ufig auf Aufgaben und Themen aus dem Lehrzusammenhang der Universit\u00e4t Flensburg, Abteilung Kunst&amp;visuelle Medien oder auf studentische Eigeninitiativen und Projekte \u2013 gelegentlich auch auf Kooperationen mit anderen Institutionen. Manche dieser Kooperationsveranstaltungen werden nicht im MODUL1 gezeigt, stehen aber inhaltlich oder organisatorisch damit in Verbindung:<br \/>\n<span style=\"color: #808000;\">Am 31. Mai 2013 er\u00f6ffnet die Ausstellung &#8222;ARTgoing 2013 S\u00f8nderborg &#8211; Flensburg&#8220; mit einer \u00f6ffentlichen Vernissage um 14:00 Uhr in der d\u00e4nischen Zentralbibliothek Flensburg. Die Ausstellung zeigt Werke von sechs jungen K\u00fcnstlerInnen der S\u00f8nderjyllands Kunstskole aus S\u00f8nderborg, die nach einem Jahr intensiver Kunststudien Arbeiten pr\u00e4sentieren, wie sie origineller und unterschiedlicher nicht sein k\u00f6nnten. Von interaktiven Installationen \u00fcber klassische Aquarelle bis hin zu au\u00dfergew\u00f6hnlichen Collagen zeigen die Absolventen eine Auswahl an Kunstwerken. Organisiert und betreut haben die Ausstellung Studierende der Kunst und des Studienganges KSM. \u00a0F\u00f6rderung erhielt die Ausstellung vom Kulturb\u00fcro der Stadt Flensburg.<\/span><\/p>\n<p><span style=\"color: #808000;\">&#8222;ARTgoing Projects&#8220; ist eine Reihe von Projekten in der Grenzregion Deutschland-D\u00e4nemark mit dem Ziel, k\u00fcnstlerischen und kulturellen Austausch zu f\u00f6rdern.<\/span><\/p>\n<p><span style=\"color: #993300;\"><em>Bis zum 6. Juni sind die Arbeiten in der D\u00e4nischen Zentralbibliothek Flensburg zu sehen, danach zieht die Ausstellung noch einmal um und zeigt sich vom 10. Juni an im Foyer des Erweiterungsgeb\u00e4udes an der Universit\u00e4t Flensburg, im Rahmen der ersten Zukunftswoche der Universit\u00e4t im Kontext des &#8222;Europa-Campus&#8220;.<\/em> <\/span><a href=\"https:\/\/www.artgoing.eu\">[Homepage des Projektes]<\/a><\/p>\n<p><a href=\"https:\/\/modul1flensburg.eu\/wp-content\/uploads\/2013\/05\/web_artgoing2013_sonderburg-flensburg.jpg\"><img decoding=\"async\" loading=\"lazy\" class=\"alignnone size-full wp-image-579\" alt=\"web_artgoing2013_sonderburg-flensburg\" src=\"https:\/\/modul1flensburg.eu\/wp-content\/uploads\/2013\/05\/web_artgoing2013_sonderburg-flensburg.jpg\" width=\"480\" height=\"150\" srcset=\"https:\/\/modul1flensburg.eu\/wp-content\/uploads\/2013\/05\/web_artgoing2013_sonderburg-flensburg.jpg 480w, https:\/\/modul1flensburg.eu\/wp-content\/uploads\/2013\/05\/web_artgoing2013_sonderburg-flensburg-300x93.jpg 300w\" sizes=\"(max-width: 480px) 100vw, 480px\" \/><\/a><\/p>\n","protected":false},"excerpt":{"rendered":"<p>Ausstellungen im MODUL1 basieren h\u00e4ufig auf Aufgaben und Themen aus dem Lehrzusammenhang der Universit\u00e4t Flensburg, Abteilung Kunst&amp;visuelle Medien oder auf studentische Eigeninitiativen und Projekte \u2013 gelegentlich auch auf Kooperationen mit anderen Institutionen. Manche dieser Kooperationsveranstaltungen werden nicht im MODUL1 gezeigt, stehen aber inhaltlich oder organisatorisch damit in Verbindung: Am 31. Mai 2013 er\u00f6ffnet die Ausstellung [&hellip;]<\/p>\n","protected":false},"author":2,"featured_media":0,"comment_status":"closed","ping_status":"closed","sticky":false,"template":"","format":"standard","meta":[],"categories":[1,20],"tags":[22,19],"_links":{"self":[{"href":"https:\/\/modul1flensburg.eu\/index.php?rest_route=\/wp\/v2\/posts\/576"}],"collection":[{"href":"https:\/\/modul1flensburg.eu\/index.php?rest_route=\/wp\/v2\/posts"}],"about":[{"href":"https:\/\/modul1flensburg.eu\/index.php?rest_route=\/wp\/v2\/types\/post"}],"author":[{"embeddable":true,"href":"https:\/\/modul1flensburg.eu\/index.php?rest_route=\/wp\/v2\/users\/2"}],"replies":[{"embeddable":true,"href":"https:\/\/modul1flensburg.eu\/index.php?rest_route=%2Fwp%2Fv2%2Fcomments&post=576"}],"version-history":[{"count":4,"href":"https:\/\/modul1flensburg.eu\/index.php?rest_route=\/wp\/v2\/posts\/576\/revisions"}],"predecessor-version":[{"id":583,"href":"https:\/\/modul1flensburg.eu\/index.php?rest_route=\/wp\/v2\/posts\/576\/revisions\/583"}],"wp:attachment":[{"href":"https:\/\/modul1flensburg.eu\/index.php?rest_route=%2Fwp%2Fv2%2Fmedia&parent=576"}],"wp:term":[{"taxonomy":"category","embeddable":true,"href":"https:\/\/modul1flensburg.eu\/index.php?rest_route=%2Fwp%2Fv2%2Fcategories&post=576"},{"taxonomy":"post_tag","embeddable":true,"href":"https:\/\/modul1flensburg.eu\/index.php?rest_route=%2Fwp%2Fv2%2Ftags&post=576"}],"curies":[{"name":"wp","href":"https:\/\/api.w.org\/{rel}","templated":true}]}}