{"id":587,"date":"2013-06-10T05:21:00","date_gmt":"2013-06-10T05:21:00","guid":{"rendered":"https:\/\/modul1flensburg.eu\/?p=587"},"modified":"2013-06-10T05:42:09","modified_gmt":"2013-06-10T05:42:09","slug":"artgoing-junge-danen-stellen-auch-im-modul1-aus","status":"publish","type":"post","link":"https:\/\/modul1flensburg.eu\/?p=587","title":{"rendered":"ARTgoing &#8211; Junge D\u00e4nen stellen auch im MODUL1 aus"},"content":{"rendered":"<div id=\"attachment_586\" style=\"width: 235px\" class=\"wp-caption alignright\"><a href=\"https:\/\/modul1flensburg.eu\/wp-content\/uploads\/2013\/06\/Niles_V\u00f6gel-e1370812644322.jpg\"><img aria-describedby=\"caption-attachment-586\" decoding=\"async\" loading=\"lazy\" class=\"wp-image-586     \" alt=\"Niles_V\u00f6gel\" src=\"https:\/\/modul1flensburg.eu\/wp-content\/uploads\/2013\/06\/Niles_V\u00f6gel-e1370812644322.jpg\" width=\"225\" height=\"287\" srcset=\"https:\/\/modul1flensburg.eu\/wp-content\/uploads\/2013\/06\/Niles_V\u00f6gel-e1370812644322.jpg 1195w, https:\/\/modul1flensburg.eu\/wp-content\/uploads\/2013\/06\/Niles_V\u00f6gel-e1370812644322-234x300.jpg 234w, https:\/\/modul1flensburg.eu\/wp-content\/uploads\/2013\/06\/Niles_V\u00f6gel-e1370812644322-800x1024.jpg 800w\" sizes=\"(max-width: 225px) 100vw, 225px\" \/><\/a><p id=\"caption-attachment-586\" class=\"wp-caption-text\">Installation mit Selbstbildnissen und V\u00f6geln<\/p><\/div>\n<div style=\"width: 153px\" class=\"wp-caption alignright\"><a href=\"https:\/\/modul1flensburg.eu\/wp-content\/uploads\/2013\/06\/3f6354_0ffa6591845630fdbedf1f6c8711729c.jpg_srz_396_331_75_22_0.50_1.20_0.00_jpg_srz.jpg\"><img decoding=\"async\" loading=\"lazy\" alt=\"3f6354_0ffa6591845630fdbedf1f6c8711729c.jpg_srz_396_331_75_22_0.50_1.20_0.00_jpg_srz\" src=\"https:\/\/modul1flensburg.eu\/wp-content\/uploads\/2013\/06\/3f6354_0ffa6591845630fdbedf1f6c8711729c.jpg_srz_396_331_75_22_0.50_1.20_0.00_jpg_srz.jpg\" width=\"143\" height=\"119\" \/><\/a><p class=\"wp-caption-text\">Niels Munk Plum<\/p><\/div>\n<p><strong>Eine Woche lag waren die Werke junger Absolventen der S\u00f8nderjyllands Kunstskole aus S\u00f8nderborg\u00a0in der D\u00e4nischen Zentralbibliothek in Flensburg zu sehen.\u00a0<\/strong><br \/>\nVon interaktiven Installationen \u00fcber klassische Aquarelle bis hin zu au\u00dfergew\u00f6hnlichen Collagen wird ein breites Spektrum gezeigt.\u00a0Sehr beachtenswert und vom Publikum gut angenommen, wie \u00a0Karl Fischer von der D\u00e4nischen Zentralbibliothek res\u00fcmierte. \u00a0Er hob auch die gute Organisation der Ausstellung und die Betreuung der d\u00e4nischen G\u00e4ste durch Kunst- und KSM-Studierende der Universit\u00e4t Flensburg hervor.<\/p>\n<p>Im Rahmen der Zukunftswoche werden die Exponate nun im Erweiterungsbau der Universit\u00e4t auf dem Campus gezeigt. Parallel dazu sind Installationen der jungen D\u00e4nen im MODUL 1 zu bewundern, z.B. die von\u00a0<span style=\"color: #808000;\">Niels Munk Plum, 20 Jahre, aus Sonderburg<\/span><em>. In seinen Werken wird\u00a0<\/em>der K\u00fcnstler selbst zum Objekt, in dem sich andere spiegeln k\u00f6nnen.<\/p>\n<p>Die Ausstellung in der Zentralbibliothek, der Universit\u00e4t und im MODUL1 ist ein Projekt im Rahmen von <a href=\"https:\/\/www.artgoing.eu\"><span style=\"color: #808000;\">ARTgoing<\/span><\/a> \u00a0\u2013 einer Initiative, die den kulturellen Austausch in der Grenzregion f\u00f6rdern will. ARTgoing wurde aus der Abteilung Kunst&amp;visuelle Medien der Uni Flensburg heraus entwickelt, bietet aber mittlerweile auch von den Studierenden selbst organisierte Vorhaben im au\u00dferuniversit\u00e4ren Kontext an. Das aktuelle Projekt wurde vom Kulturb\u00fcro der Stadt Flensburg gef\u00f6rdert.<\/p>\n<p><strong><span style=\"color: #993300;\">Die Installationen im MODUL1 sind am Freitag, 14.6. von 10-18 Uhr und am Samstag 15.6. von 10-14 Uhr zu besichtigen.<\/span><\/strong><\/p>\n","protected":false},"excerpt":{"rendered":"<p>Eine Woche lag waren die Werke junger Absolventen der S\u00f8nderjyllands Kunstskole aus S\u00f8nderborg\u00a0in der D\u00e4nischen Zentralbibliothek in Flensburg zu sehen.\u00a0 Von interaktiven Installationen \u00fcber klassische Aquarelle bis hin zu au\u00dfergew\u00f6hnlichen Collagen wird ein breites Spektrum gezeigt.\u00a0Sehr beachtenswert und vom Publikum gut angenommen, wie \u00a0Karl Fischer von der D\u00e4nischen Zentralbibliothek res\u00fcmierte. \u00a0Er hob auch die gute [&hellip;]<\/p>\n","protected":false},"author":2,"featured_media":0,"comment_status":"closed","ping_status":"closed","sticky":false,"template":"","format":"standard","meta":[],"categories":[1,20],"tags":[22,19],"_links":{"self":[{"href":"https:\/\/modul1flensburg.eu\/index.php?rest_route=\/wp\/v2\/posts\/587"}],"collection":[{"href":"https:\/\/modul1flensburg.eu\/index.php?rest_route=\/wp\/v2\/posts"}],"about":[{"href":"https:\/\/modul1flensburg.eu\/index.php?rest_route=\/wp\/v2\/types\/post"}],"author":[{"embeddable":true,"href":"https:\/\/modul1flensburg.eu\/index.php?rest_route=\/wp\/v2\/users\/2"}],"replies":[{"embeddable":true,"href":"https:\/\/modul1flensburg.eu\/index.php?rest_route=%2Fwp%2Fv2%2Fcomments&post=587"}],"version-history":[{"count":25,"href":"https:\/\/modul1flensburg.eu\/index.php?rest_route=\/wp\/v2\/posts\/587\/revisions"}],"predecessor-version":[{"id":614,"href":"https:\/\/modul1flensburg.eu\/index.php?rest_route=\/wp\/v2\/posts\/587\/revisions\/614"}],"wp:attachment":[{"href":"https:\/\/modul1flensburg.eu\/index.php?rest_route=%2Fwp%2Fv2%2Fmedia&parent=587"}],"wp:term":[{"taxonomy":"category","embeddable":true,"href":"https:\/\/modul1flensburg.eu\/index.php?rest_route=%2Fwp%2Fv2%2Fcategories&post=587"},{"taxonomy":"post_tag","embeddable":true,"href":"https:\/\/modul1flensburg.eu\/index.php?rest_route=%2Fwp%2Fv2%2Ftags&post=587"}],"curies":[{"name":"wp","href":"https:\/\/api.w.org\/{rel}","templated":true}]}}