{"id":627,"date":"2013-06-24T09:27:13","date_gmt":"2013-06-24T09:27:13","guid":{"rendered":"https:\/\/modul1flensburg.eu\/?p=627"},"modified":"2013-06-24T11:20:14","modified_gmt":"2013-06-24T11:20:14","slug":"next-level-obsiegen-artprojectbrockmann-im-modul1","status":"publish","type":"post","link":"https:\/\/modul1flensburg.eu\/?p=627","title":{"rendered":"Next Level : Obsiegen &#8211; artprojectbrockmann im MODUL1"},"content":{"rendered":"<p>&nbsp;<\/p>\n<p><strong><a href=\"https:\/\/modul1flensburg.eu\/wp-content\/uploads\/2013\/06\/Bildschirmfoto-2013-06-24-um-11.11.54.png\"><img decoding=\"async\" loading=\"lazy\" class=\"wp-image-628 alignnone\" alt=\"Bildschirmfoto 2013-06-24 um 11.11.54\" src=\"https:\/\/modul1flensburg.eu\/wp-content\/uploads\/2013\/06\/Bildschirmfoto-2013-06-24-um-11.11.54.png\" width=\"387\" height=\"263\" srcset=\"https:\/\/modul1flensburg.eu\/wp-content\/uploads\/2013\/06\/Bildschirmfoto-2013-06-24-um-11.11.54.png 645w, https:\/\/modul1flensburg.eu\/wp-content\/uploads\/2013\/06\/Bildschirmfoto-2013-06-24-um-11.11.54-300x204.png 300w\" sizes=\"(max-width: 387px) 100vw, 387px\" \/><\/a><\/strong><\/p>\n<p><strong>Humanit\u00e4t, Trinit\u00e4t und was ist der Mensch? <\/strong>fragt &#8222;artprojectbrockmann&#8220; in der aktuellen ausstellung im MODUL1.\u00a0Die Ergenisse dieser Arbeit sind vom <strong>24. bis 28.6. 2013<\/strong> im Galerieraum der Universit\u00e4t in der Roten Stra\u00dfe Flensburg zu erleben.<br \/>\nDer K\u00fcnstler Gerd Barsch ist w\u00e4hrend der Woche zu Arbeitsphasen anwesend.<br \/>\nWeitere Infos unter <a href=\"https:\/\/artprojectbrockmann.wordpress.com\/2013\/06\/23\/next-level-obsiegen\/\">https:\/\/artprojectbrockmann.wordpress.com\/2013\/06\/23\/next-level-obsiegen\/<\/a><\/p>\n<p><span style=\"text-decoration: underline;\">Text\/Konzeption der Ausstellung:<\/span><\/p>\n<p><strong><span style=\"color: #993300;\">Humanit\u00e4t, Trinit\u00e4t und was ist der Mensch?<\/span><\/strong><br \/>\nWas macht den Menschen zum Menschen? Was \u201e&#8230; er aus sich selbst macht, oder machen kann und soll&#8230;\u201c\u00a0(Kant) ist jedem selbst \u00fcberlassen, um die verschiedenen Aspekte des menschlichen Wesens zu erfahren.\u00a0In Zeiten gro\u00dfer Umbr\u00fcche, wie derzeit weltweit in den Bereichen Wirtschaft, Politik und Gesellschaft zu\u00a0beobachten ist, gilt es neue Grenzen zu finden und zu definieren. Auch im Bereich der Kunst und dem\u00a0bestehenden angepassten Kunstmarkt gilt dies um f\u00fcr neue Wege einzustehen. Humanit\u00e4re Kunst?\u00a0Revolution\u00e4re Forschung? Und was bedeutet eigentlich Trinit\u00e4t? Es bleibt die M\u00f6glichkeit der Anteilnahme am\u00a0Weltgeschehen, um laufende Prozesse zu ver\u00e4ndern und um die Zust\u00e4nde in Europa und der Welt in das\u00a0Bewusstsein der Menschen zu r\u00fccken. Menschenrechte, Revolution und Freiheit sind ohne Taten nur Worte.\u00a0In Solidarit\u00e4t mit dem t\u00fcrkischen und brasilianischen Volk findet dieses Projekt in der Galerie MODUL 1 \/Flensburg \/ Germany unter Einbezug der \u00d6ffentlichkeit statt. Es wird eine offene kreative Werkstatt f\u00fcr\u00a0k\u00fcnstlerische Prozesse sein.<\/p>\n<p><em id=\"__mceDel\"><!--more-->Das aktuelle Tagesgeschehen der Demonstrationen, Aktionen, friedlichen\u00a0Sitzblockaden, Hilfsaktionen und Kunstprojekte wird durchg\u00e4ngig mittels Video-, Foto-, Textmaterial\u00fcbertragung\u00a0in den Ausstellungsraum projiziert. Es gilt nach dem revolution\u00e4ren Anfang und den Anstrengungen aller\u00a0Beteiligten, das Vorhaben der t\u00fcrkischen und brasilianischen Bev\u00f6lkerung nicht in Vergessenheit geraten zu\u00a0lassen und den europ\u00e4ischen B\u00fcrgern m\u00f6glichst objektiv zu vermitteln was in diesen beiden L\u00e4ndern passiert\u00a0wenn eine Bev\u00f6lkerung f\u00fcr Ver\u00e4nderungen im System aufsteht.\u00a0Fight for your Right! In Solidarit\u00e4t mit allen freiheitsliebenden Menschen dieser Erde!\u00a0An alle Freunde, K\u00fcnstler, Revolution\u00e4re, Journalisten, Video &#8211; Filmer, Humanisten, Magier&#8230; aus der T\u00fcrkei und\u00a0Brasilien, sendet mir euer aktuelles Material vom Geschehen in eurer Stadt in Form von Videos, Fotos, Text \u2013\u00a0Ton, Links etc. f\u00fcr dieses Projekt mit Namen und Ort an <a href=\"mailto:artprojectbrockmann@googlemail.com\">artprojectbrockmann@googlemail.com<\/a><\/em><\/p>\n<p>&nbsp;<\/p>\n<p>&nbsp;<\/p>\n","protected":false},"excerpt":{"rendered":"<p>&nbsp; Humanit\u00e4t, Trinit\u00e4t und was ist der Mensch? fragt &#8222;artprojectbrockmann&#8220; in der aktuellen ausstellung im MODUL1.\u00a0Die Ergenisse dieser Arbeit sind vom 24. bis 28.6. 2013 im Galerieraum der Universit\u00e4t in der Roten Stra\u00dfe Flensburg zu erleben. Der K\u00fcnstler Gerd Barsch ist w\u00e4hrend der Woche zu Arbeitsphasen anwesend. Weitere Infos unter https:\/\/artprojectbrockmann.wordpress.com\/2013\/06\/23\/next-level-obsiegen\/ Text\/Konzeption der Ausstellung: Humanit\u00e4t, [&hellip;]<\/p>\n","protected":false},"author":2,"featured_media":0,"comment_status":"closed","ping_status":"closed","sticky":false,"template":"","format":"standard","meta":[],"categories":[1,20],"tags":[22,19],"_links":{"self":[{"href":"https:\/\/modul1flensburg.eu\/index.php?rest_route=\/wp\/v2\/posts\/627"}],"collection":[{"href":"https:\/\/modul1flensburg.eu\/index.php?rest_route=\/wp\/v2\/posts"}],"about":[{"href":"https:\/\/modul1flensburg.eu\/index.php?rest_route=\/wp\/v2\/types\/post"}],"author":[{"embeddable":true,"href":"https:\/\/modul1flensburg.eu\/index.php?rest_route=\/wp\/v2\/users\/2"}],"replies":[{"embeddable":true,"href":"https:\/\/modul1flensburg.eu\/index.php?rest_route=%2Fwp%2Fv2%2Fcomments&post=627"}],"version-history":[{"count":8,"href":"https:\/\/modul1flensburg.eu\/index.php?rest_route=\/wp\/v2\/posts\/627\/revisions"}],"predecessor-version":[{"id":635,"href":"https:\/\/modul1flensburg.eu\/index.php?rest_route=\/wp\/v2\/posts\/627\/revisions\/635"}],"wp:attachment":[{"href":"https:\/\/modul1flensburg.eu\/index.php?rest_route=%2Fwp%2Fv2%2Fmedia&parent=627"}],"wp:term":[{"taxonomy":"category","embeddable":true,"href":"https:\/\/modul1flensburg.eu\/index.php?rest_route=%2Fwp%2Fv2%2Fcategories&post=627"},{"taxonomy":"post_tag","embeddable":true,"href":"https:\/\/modul1flensburg.eu\/index.php?rest_route=%2Fwp%2Fv2%2Ftags&post=627"}],"curies":[{"name":"wp","href":"https:\/\/api.w.org\/{rel}","templated":true}]}}