{"id":638,"date":"2013-07-08T17:01:12","date_gmt":"2013-07-08T17:01:12","guid":{"rendered":"https:\/\/modul1flensburg.eu\/?p=638"},"modified":"2013-07-08T17:02:52","modified_gmt":"2013-07-08T17:02:52","slug":"absichtsloses-handeln-performance-art","status":"publish","type":"post","link":"https:\/\/modul1flensburg.eu\/?p=638","title":{"rendered":"\u201eAbsichtsloses Handeln\u201c &#8211; Performance Art"},"content":{"rendered":"<p><a href=\"https:\/\/modul1flensburg.eu\/wp-content\/uploads\/2013\/07\/Bildschirmfoto-2013-07-08-um-18.25.00.png\"><img decoding=\"async\" loading=\"lazy\" class=\"wp-image-640 alignleft\" alt=\"Bildschirmfoto 2013-07-08 um 18.25.00\" src=\"https:\/\/modul1flensburg.eu\/wp-content\/uploads\/2013\/07\/Bildschirmfoto-2013-07-08-um-18.25.00.png\" width=\"195\" height=\"350\" srcset=\"https:\/\/modul1flensburg.eu\/wp-content\/uploads\/2013\/07\/Bildschirmfoto-2013-07-08-um-18.25.00.png 339w, https:\/\/modul1flensburg.eu\/wp-content\/uploads\/2013\/07\/Bildschirmfoto-2013-07-08-um-18.25.00-167x300.png 167w\" sizes=\"(max-width: 195px) 100vw, 195px\" \/><\/a>Mit einem Highlight beenden Kunststudierende das Sommersemester 2013, bevor im August und September die Aabenraa ARTWEEK ins MODUL1 einzieht:<\/p>\n<p><span style=\"color: #993300;\"><em><strong>Am<\/strong>\u00a0<b>11. Juli 2013 ab 20 Uhr<\/b>\u00a0stellen Studierende in der Semesterabschlusspr\u00e4sentation ihre im Praxisseminar &#8222;Performance Art&#8220; mit\u00a0der K\u00fcnstlerin Elke Mark entwickelten Arbeiten vor.<\/em><\/span><br \/>\nUnter dem Dach der Performance Art sammeln sich vielf\u00e4ltige Arbeitsans\u00e4tze, die sich durch prozesshaftes Geschehen, k\u00f6rperliches Agieren und Materialuntersuchungen in Kombination mit einem Gesp\u00fcr f\u00fcr R\u00e4umlichkeit, Atmosph\u00e4re und Zeit auszeichnen. Entstehende tempor\u00e4re, oft skizzenhafte, poetische wie radikale Bilder und Szenarien befragen bisherige Wahrnehmungsgewohnheiten und Handlungsstrategien sowohl der Akteure als auch der Betrachter.<\/p>\n<p><em><span style=\"color: #808000;\">Studierende der Kunst und die Performance-K\u00fcnstlerin Elke Mark laden herzlich ins MODUL1 ein!\u00a0<\/span><\/em><\/p>\n<p>&nbsp;<\/p>\n<p>&nbsp;<\/p>\n","protected":false},"excerpt":{"rendered":"<p>Mit einem Highlight beenden Kunststudierende das Sommersemester 2013, bevor im August und September die Aabenraa ARTWEEK ins MODUL1 einzieht: Am\u00a011. Juli 2013 ab 20 Uhr\u00a0stellen Studierende in der Semesterabschlusspr\u00e4sentation ihre im Praxisseminar &#8222;Performance Art&#8220; mit\u00a0der K\u00fcnstlerin Elke Mark entwickelten Arbeiten vor. Unter dem Dach der Performance Art sammeln sich vielf\u00e4ltige Arbeitsans\u00e4tze, die sich durch prozesshaftes [&hellip;]<\/p>\n","protected":false},"author":2,"featured_media":0,"comment_status":"closed","ping_status":"closed","sticky":false,"template":"","format":"standard","meta":[],"categories":[1,20],"tags":[22,19],"_links":{"self":[{"href":"https:\/\/modul1flensburg.eu\/index.php?rest_route=\/wp\/v2\/posts\/638"}],"collection":[{"href":"https:\/\/modul1flensburg.eu\/index.php?rest_route=\/wp\/v2\/posts"}],"about":[{"href":"https:\/\/modul1flensburg.eu\/index.php?rest_route=\/wp\/v2\/types\/post"}],"author":[{"embeddable":true,"href":"https:\/\/modul1flensburg.eu\/index.php?rest_route=\/wp\/v2\/users\/2"}],"replies":[{"embeddable":true,"href":"https:\/\/modul1flensburg.eu\/index.php?rest_route=%2Fwp%2Fv2%2Fcomments&post=638"}],"version-history":[{"count":21,"href":"https:\/\/modul1flensburg.eu\/index.php?rest_route=\/wp\/v2\/posts\/638\/revisions"}],"predecessor-version":[{"id":663,"href":"https:\/\/modul1flensburg.eu\/index.php?rest_route=\/wp\/v2\/posts\/638\/revisions\/663"}],"wp:attachment":[{"href":"https:\/\/modul1flensburg.eu\/index.php?rest_route=%2Fwp%2Fv2%2Fmedia&parent=638"}],"wp:term":[{"taxonomy":"category","embeddable":true,"href":"https:\/\/modul1flensburg.eu\/index.php?rest_route=%2Fwp%2Fv2%2Fcategories&post=638"},{"taxonomy":"post_tag","embeddable":true,"href":"https:\/\/modul1flensburg.eu\/index.php?rest_route=%2Fwp%2Fv2%2Ftags&post=638"}],"curies":[{"name":"wp","href":"https:\/\/api.w.org\/{rel}","templated":true}]}}