{"id":665,"date":"2013-07-25T12:32:42","date_gmt":"2013-07-25T12:32:42","guid":{"rendered":"https:\/\/modul1flensburg.eu\/?p=665"},"modified":"2013-07-25T13:34:36","modified_gmt":"2013-07-25T13:34:36","slug":"aabenraa-artweek-grenzuberschreitend-im-modul1","status":"publish","type":"post","link":"https:\/\/modul1flensburg.eu\/?p=665","title":{"rendered":"Aabenraa Artweek &#8211; grenz\u00fcberschreitend im MODUL1"},"content":{"rendered":"<p><a href=\"https:\/\/www.ivan-boskovic.de\"><img decoding=\"async\" loading=\"lazy\" class=\"alignnone\" alt=\"Bildschirmfoto 2013-07-25 um 14.06.34\" src=\"https:\/\/modul1flensburg.eu\/wp-content\/uploads\/2013\/07\/Bildschirmfoto-2013-07-25-um-14.06.34.png\" width=\"484\" height=\"248\" \/><\/a><\/p>\n<p style=\"text-align: left;\">Das international gut besetzte Symposium der <a href=\"https:\/\/www.artweek.dk\"><strong>&#8222;Aabenraa Artweek&#8220;<\/strong><\/a> findet in diesem Jahr vom 2. zum 10. August 2013 in Apenrade statt. Kunst wird erlebbar, K\u00fcnstlerinnen und K\u00fcnstler laden nicht nur die lokale Bev\u00f6lkerung zum Dialog an ausgew\u00e4hlten Orten in Aabenraa, Tinglev, Padborg und Flensburg ein.\u00a0Die weit \u00fcber die Region bekannte Veranstaltung zeitgen\u00f6ssischer Kunst zeigt ab August auch im MODUL1 in der Roten Stra\u00dfe Werke professioneller K\u00fcnstler.<\/p>\n<p><span style=\"text-decoration: underline;\">Die Veranstaltungen:<\/span><\/p>\n<ul>\n<li><span style=\"color: #000000;\"><strong>2. und 3. August, 13.00 &#8211; 16.00 Uhr: <\/strong><\/span><strong><span style=\"color: #993300;\"><em>Loui und Jessi, England<\/em><\/span><\/strong><\/li>\n<li><span style=\"color: #000000;\">5. August:<\/span> <strong><em><span style=\"color: #993300;\">Miguel \u00c0lvarez-Fernandez, spanischer Klangkl\u00fcnstler<\/span><\/em><\/strong>, der in Kontakt mit Besuchern treten m\u00f6chte, die ihm Gesang, Kl\u00e4nge, Ger\u00e4usche, hervorgerufen durch Instrument, Stimme, Stampfen, Klatschen liefern, die er\u00a0aufzeichnen wird.<\/li>\n<li><strong><em><span style=\"color: #993300;\">Amanda Dunsmore aus England<\/span><\/em> <\/strong>wird sich im Au\u00dfenbereich des Modul aufhalten\u00a0und hier mit Passanten in Kontakt treten.<\/li>\n<li><strong><span style=\"color: #000000;\">6. August \u2013 9. August: <\/span><em><span style=\"color: #993300;\">Ivan Boskovic<\/span><\/em> <\/strong>m\u00f6chte gemeinsam mit Menschen in Flensburg eine neue Karte \u00fcber diesen Landesteil zeichnen.<\/li>\n<li><span style=\"color: #000000;\"><strong>6. August, 13.00 \u2013 16.00 Uhr:<\/strong> <\/span><strong><span style=\"color: #993300;\"><em>Elke Mark<\/em>,\u00a0<em>Performancek\u00fcnstlerin<\/em><\/span><\/strong> aus K\u00f6ln \u2013 wohnhaft in Flensburg<\/li>\n<\/ul>\n<p><a href=\"https:\/\/modul1flensburg.eu\/wp-content\/uploads\/2013\/07\/Foerster-21.jpeg\"><img decoding=\"async\" loading=\"lazy\" class=\"alignnone  wp-image-683\" alt=\"Foerster-2\" src=\"https:\/\/modul1flensburg.eu\/wp-content\/uploads\/2013\/07\/Foerster-21.jpeg\" width=\"463\" height=\"314\" srcset=\"https:\/\/modul1flensburg.eu\/wp-content\/uploads\/2013\/07\/Foerster-21.jpeg 828w, https:\/\/modul1flensburg.eu\/wp-content\/uploads\/2013\/07\/Foerster-21-300x203.jpeg 300w\" sizes=\"(max-width: 463px) 100vw, 463px\" \/><\/a><\/p>\n<p>&nbsp;<\/p>\n<p>&nbsp;<\/p>\n<p>&nbsp;<\/p>\n<p>&nbsp;<\/p>\n<p>&nbsp;<\/p>\n<p>&nbsp;<\/p>\n<p>&nbsp;<\/p>\n","protected":false},"excerpt":{"rendered":"<p>Das international gut besetzte Symposium der &#8222;Aabenraa Artweek&#8220; findet in diesem Jahr vom 2. zum 10. August 2013 in Apenrade statt. Kunst wird erlebbar, K\u00fcnstlerinnen und K\u00fcnstler laden nicht nur die lokale Bev\u00f6lkerung zum Dialog an ausgew\u00e4hlten Orten in Aabenraa, Tinglev, Padborg und Flensburg ein.\u00a0Die weit \u00fcber die Region bekannte Veranstaltung zeitgen\u00f6ssischer Kunst zeigt ab [&hellip;]<\/p>\n","protected":false},"author":2,"featured_media":0,"comment_status":"closed","ping_status":"closed","sticky":false,"template":"","format":"standard","meta":[],"categories":[20],"tags":[22,19],"_links":{"self":[{"href":"https:\/\/modul1flensburg.eu\/index.php?rest_route=\/wp\/v2\/posts\/665"}],"collection":[{"href":"https:\/\/modul1flensburg.eu\/index.php?rest_route=\/wp\/v2\/posts"}],"about":[{"href":"https:\/\/modul1flensburg.eu\/index.php?rest_route=\/wp\/v2\/types\/post"}],"author":[{"embeddable":true,"href":"https:\/\/modul1flensburg.eu\/index.php?rest_route=\/wp\/v2\/users\/2"}],"replies":[{"embeddable":true,"href":"https:\/\/modul1flensburg.eu\/index.php?rest_route=%2Fwp%2Fv2%2Fcomments&post=665"}],"version-history":[{"count":17,"href":"https:\/\/modul1flensburg.eu\/index.php?rest_route=\/wp\/v2\/posts\/665\/revisions"}],"predecessor-version":[{"id":686,"href":"https:\/\/modul1flensburg.eu\/index.php?rest_route=\/wp\/v2\/posts\/665\/revisions\/686"}],"wp:attachment":[{"href":"https:\/\/modul1flensburg.eu\/index.php?rest_route=%2Fwp%2Fv2%2Fmedia&parent=665"}],"wp:term":[{"taxonomy":"category","embeddable":true,"href":"https:\/\/modul1flensburg.eu\/index.php?rest_route=%2Fwp%2Fv2%2Fcategories&post=665"},{"taxonomy":"post_tag","embeddable":true,"href":"https:\/\/modul1flensburg.eu\/index.php?rest_route=%2Fwp%2Fv2%2Ftags&post=665"}],"curies":[{"name":"wp","href":"https:\/\/api.w.org\/{rel}","templated":true}]}}