{"id":727,"date":"2013-12-02T20:30:18","date_gmt":"2013-12-02T20:30:18","guid":{"rendered":"https:\/\/modul1flensburg.eu\/?p=727"},"modified":"2013-12-02T20:36:51","modified_gmt":"2013-12-02T20:36:51","slug":"neue-ausstellungsserie-startet-mit-winterduft","status":"publish","type":"post","link":"https:\/\/modul1flensburg.eu\/?p=727","title":{"rendered":"Neue Ausstellungsserie startet mit Winterduft"},"content":{"rendered":"<p><span style=\"color: #000000;\"><span style=\"color: #993300;\">Vom 10.12.-21.12.13 pr\u00e4sentieren Studierende der Universit\u00e4t Flensburg kreative Ideen, Kunst und Handwerkliches im MODUL1, Rote Stra\u00dfe 17.<\/span><strong>\u00a0\u00a0<\/strong><\/span>Jedes Produkt ist in Eigenarbeit hergestellt. Die Palette reicht von Schmuck, \u00fcber Textiles bis hin zu Arbeiten aus Papier. Wie alles Handgefertigtes zeichnen sich die Produkte durch Individualit\u00e4t aus.\u00a0<span style=\"color: #993300;\">Das Thema \u201eWald und Winter\u201c <\/span>findet sich in der gem\u00fctlichen Atmosph\u00e4re der Roten Stra\u00dfe ein und bietet jedem Besucher eine Anregung im vorweihnachtlichen Alltag.<!--more--><\/p>\n<p>Die Ausstellungsgestaltung \u00fcbernahmen Studierende der Kunst. Die Initiative wurde vom Kulturb\u00fcro der Stadt Flensburg gef\u00f6rdert.<br \/>\n<span style=\"color: #000000;\">Alle Interessierten sind herzlich eingeladen <span style=\"text-decoration: underline;\">Mo. &#8211; Sa. 10.00 -18.00 Uhr im MODUL1<\/span> vorbeizukommen.<\/span><br \/>\n<span style=\"color: #808000;\"><strong>Die Ausstellungser\u00f6ffnung wird am <span style=\"text-decoration: underline;\">Dienstag, 10.12.2013, um 19.00 Uhr<\/span> stattfinden.<\/strong><\/span><\/p>\n<p><a href=\"https:\/\/modul1flensburg.eu\/wp-content\/uploads\/2013\/12\/WinterduftFlyer.final_.jpg\"><img decoding=\"async\" loading=\"lazy\" class=\"alignnone size-medium wp-image-728\" alt=\"WinterduftFlyer.final\" src=\"https:\/\/modul1flensburg.eu\/wp-content\/uploads\/2013\/12\/WinterduftFlyer.final_-212x300.jpg\" width=\"212\" height=\"300\" srcset=\"https:\/\/modul1flensburg.eu\/wp-content\/uploads\/2013\/12\/WinterduftFlyer.final_-212x300.jpg 212w, https:\/\/modul1flensburg.eu\/wp-content\/uploads\/2013\/12\/WinterduftFlyer.final_-726x1024.jpg 726w, https:\/\/modul1flensburg.eu\/wp-content\/uploads\/2013\/12\/WinterduftFlyer.final_.jpg 1240w\" sizes=\"(max-width: 212px) 100vw, 212px\" \/><\/a><\/p>\n<p><!--more--><\/p>\n<p><em><span style=\"text-decoration: underline;\">KONTEXT:<\/span> Jedes Wintersemester erhalten Studierende der Universit\u00e4t Flensburg \u00a0im Rahmen eines Seminars der Kunst das R\u00fcstzeug, um \u00a0Ausstellungen mit professionellem Anspruch durchf\u00fchren zu k\u00f6nnen.\u00a0Beraten werden sie \u00a0im Seminar von Experten und von ihren Dozenten. Die Ausstellungen im MODUL1 und im Flensburger Stadtraum m\u00fcssen sie dann\u00a0eigenst\u00e4ndig und eigenverantwortlich durchf\u00fchren. Wir danken dem Expertenteam Dr. Dorothee\u00a0Bieske, Dr. Michael Fuhr, Thomas Frahm, Peter Kruse, Markus Herschbach, Hannelore Nicolaysen, Rainer Pr\u00fc\u00df, dem Weinhaus Braasch f\u00fcr so manche Hilfestellung.<\/em><\/p>\n<p><em>Werner F\u00fctterer und Dr. Jutta Zaremba<\/em><\/p>\n<p><em>\u00a0<\/em><\/p>\n<p>&nbsp;<\/p>\n<p>&nbsp;<\/p>\n","protected":false},"excerpt":{"rendered":"<p>Vom 10.12.-21.12.13 pr\u00e4sentieren Studierende der Universit\u00e4t Flensburg kreative Ideen, Kunst und Handwerkliches im MODUL1, Rote Stra\u00dfe 17.\u00a0\u00a0Jedes Produkt ist in Eigenarbeit hergestellt. Die Palette reicht von Schmuck, \u00fcber Textiles bis hin zu Arbeiten aus Papier. Wie alles Handgefertigtes zeichnen sich die Produkte durch Individualit\u00e4t aus.\u00a0Das Thema \u201eWald und Winter\u201c findet sich in der gem\u00fctlichen Atmosph\u00e4re [&hellip;]<\/p>\n","protected":false},"author":2,"featured_media":0,"comment_status":"closed","ping_status":"closed","sticky":false,"template":"","format":"standard","meta":[],"categories":[1,20],"tags":[22,19],"_links":{"self":[{"href":"https:\/\/modul1flensburg.eu\/index.php?rest_route=\/wp\/v2\/posts\/727"}],"collection":[{"href":"https:\/\/modul1flensburg.eu\/index.php?rest_route=\/wp\/v2\/posts"}],"about":[{"href":"https:\/\/modul1flensburg.eu\/index.php?rest_route=\/wp\/v2\/types\/post"}],"author":[{"embeddable":true,"href":"https:\/\/modul1flensburg.eu\/index.php?rest_route=\/wp\/v2\/users\/2"}],"replies":[{"embeddable":true,"href":"https:\/\/modul1flensburg.eu\/index.php?rest_route=%2Fwp%2Fv2%2Fcomments&post=727"}],"version-history":[{"count":13,"href":"https:\/\/modul1flensburg.eu\/index.php?rest_route=\/wp\/v2\/posts\/727\/revisions"}],"predecessor-version":[{"id":741,"href":"https:\/\/modul1flensburg.eu\/index.php?rest_route=\/wp\/v2\/posts\/727\/revisions\/741"}],"wp:attachment":[{"href":"https:\/\/modul1flensburg.eu\/index.php?rest_route=%2Fwp%2Fv2%2Fmedia&parent=727"}],"wp:term":[{"taxonomy":"category","embeddable":true,"href":"https:\/\/modul1flensburg.eu\/index.php?rest_route=%2Fwp%2Fv2%2Fcategories&post=727"},{"taxonomy":"post_tag","embeddable":true,"href":"https:\/\/modul1flensburg.eu\/index.php?rest_route=%2Fwp%2Fv2%2Ftags&post=727"}],"curies":[{"name":"wp","href":"https:\/\/api.w.org\/{rel}","templated":true}]}}