{"id":770,"date":"2014-02-03T17:51:14","date_gmt":"2014-02-03T17:51:14","guid":{"rendered":"https:\/\/modul1flensburg.eu\/?p=770"},"modified":"2014-02-03T17:51:30","modified_gmt":"2014-02-03T17:51:30","slug":"skulpturen-im-modul-1-und-farbenfroh-in-der-stadt","status":"publish","type":"post","link":"https:\/\/modul1flensburg.eu\/?p=770","title":{"rendered":"Skulpturen im MODUL1 und &#8222;Farbenfroh&#8220; in der Stadt"},"content":{"rendered":"<p>Die Ausstellungsserie unser Kunsttsudierenden geht dem Semesterende entgegen. Hier der Hinweis auf zwei interessante Projekte, die noch zu sehen sind, \u00a0bevor im MODUL1 <a href=\"https:\/\/elkemark.com\">Elke Mark<\/a> mit ihren Studierenden performt \u00a0und die <a href=\"https:\/\/www.eckener-schule.de\/holzbildhauerin_2.html\">Berufsfachschule f\u00fcr Holzbildhauerei<\/a>\u00a0neue Arbeiten zeigt.<\/p>\n<p><span style=\"color: #993300;\"><b><a href=\"https:\/\/modul1flensburg.eu\/wp-content\/uploads\/2014\/02\/Bildschirmfoto-2014-02-03-um-17.16.31.png\"><img decoding=\"async\" loading=\"lazy\" class=\"alignleft  wp-image-772\" alt=\"Bildschirmfoto 2014-02-03 um 17.16.31\" src=\"https:\/\/modul1flensburg.eu\/wp-content\/uploads\/2014\/02\/Bildschirmfoto-2014-02-03-um-17.16.31-228x300.png\" width=\"182\" height=\"240\" \/><\/a>Kunstausstellung SCULPTURA<br \/>\n<\/b>06. bis 13. Februar 2014<\/span><br \/>\n<span style=\"color: #993300;\"> Montag bis\u00a0<\/span><span style=\"color: #993300;\">Samstag 16.00 &#8211; 18.00 Uhr<\/span><\/p>\n<p>Endlich ist es soweit! Ein Semester lang haben vier Kunststudierende der Universit\u00e4t Flensburg an der Organisation\u00a0und Pr\u00e4sentation einer Ausstellung gearbeitet. Unter dem Namen &#8218;SCULPTURA&#8216; werden nun die Arbeiten eines vergangen Semesters ver\u00f6ffentlicht. Mit dem Handwerk des Bildhauers wurden h\u00f6lzerne menschliche K\u00f6rper erschaffen. Dem Auge des Betrachters, werden sich die die insgesamt vierzehn Kunstwerke in einer ganz besonderen r\u00e4umlichen Gestaltung darbieten. <span style=\"color: #808000;\">Die Vernissage, bei der die K\u00fcnstler pers\u00f6nlich anwesend seien werden, findet am<\/span><span style=\"color: #808000;\"> <span style=\"text-decoration: underline;\">06.02.2014 um 19.00 Uhr im MODUL1 <\/span><\/span><span style=\"color: #808000;\">in der Roten Stra\u00dfe statt.<\/span><\/p>\n<p>&nbsp;<\/p>\n<h3><span style=\"color: #993300;\">Studierende kuratieren &#8222;f\u00e5rbenfr\u00f8h&#8220; &#8211; Werke von Hanne Madsen im KKI\u00a0<\/span><\/h3>\n<p><span style=\"color: #993300;\"><a href=\"https:\/\/modul1flensburg.eu\/wp-content\/uploads\/2014\/02\/plakat_ffroh_a4.jpg\"><img decoding=\"async\" loading=\"lazy\" class=\"alignleft size-medium wp-image-774\" alt=\"plakat_ffroh_a4\" src=\"https:\/\/modul1flensburg.eu\/wp-content\/uploads\/2014\/02\/plakat_ffroh_a4-212x300.jpg\" width=\"212\" height=\"300\" srcset=\"https:\/\/modul1flensburg.eu\/wp-content\/uploads\/2014\/02\/plakat_ffroh_a4-212x300.jpg 212w, https:\/\/modul1flensburg.eu\/wp-content\/uploads\/2014\/02\/plakat_ffroh_a4-723x1024.jpg 723w, https:\/\/modul1flensburg.eu\/wp-content\/uploads\/2014\/02\/plakat_ffroh_a4.jpg 800w\" sizes=\"(max-width: 212px) 100vw, 212px\" \/><\/a><span style=\"color: #000000;\">&#8222;Lebensfreude!&#8220; war in den letzten Tagen in der Comenius-Schule angesagt. Es war nat\u00fcrlich nicht so, dass alle Penn\u00e4ler ein Hohelied auf ihre Schulzeit anstimmten. Dennoch waren die letzten beiden Wochen ein Highlight f\u00fcr die Sch\u00fcler eines Kunstkurses. Kunststudierende der Uni Flensburg f\u00fchrten mit ihnen einen Workshop zu dem besagten Thema durch. Gemeinsam wurden Pinsel und Spachtel geschwungen und mit Acrylfarbe Bilder nach dem Vorbild der d\u00e4nischen K\u00fcnstlerin Hanne Madsen gefertigt, deren Werke ab kommender Woche in Flensburg ausgestellt werden. Die farbenfrohen Ergebnisse aus dem Workshop werden in dieser Ausstellung passend zum Titel &#8222;f\u00e5rbenfr\u00f8h&#8220; ihren festen Platz einnehmen.<\/span> <span style=\"color: #808000;\">Wer die K\u00fcnstlerin Hanne Madsen und die Sch\u00fcler hautnah erleben m\u00f6chte, sollte sich am kommenden <span style=\"text-decoration: underline;\">Dienstag, den 04.02 ab 19 Uhr<\/span> nichts vornehmen, denn dann er\u00f6ffnet die <span style=\"text-decoration: underline;\">Ausstellung im <a href=\"https:\/\/www.kki-flensburg.de\/show.php\">KKI-Laboratorium<\/a> in der Duburger Stra\u00dfe 14 mit einer Vernissage<\/span> und ist anschlie\u00dfend bis zum 8. Februar t\u00e4glich von 17-19:30 Uhr, sowie Samstag 10-15 Uhr zu sehen.<\/span><\/span><\/p>\n","protected":false},"excerpt":{"rendered":"<p>Die Ausstellungsserie unser Kunsttsudierenden geht dem Semesterende entgegen. Hier der Hinweis auf zwei interessante Projekte, die noch zu sehen sind, \u00a0bevor im MODUL1 Elke Mark mit ihren Studierenden performt \u00a0und die Berufsfachschule f\u00fcr Holzbildhauerei\u00a0neue Arbeiten zeigt. Kunstausstellung SCULPTURA 06. bis 13. Februar 2014 Montag bis\u00a0Samstag 16.00 &#8211; 18.00 Uhr Endlich ist es soweit! Ein Semester [&hellip;]<\/p>\n","protected":false},"author":2,"featured_media":0,"comment_status":"closed","ping_status":"closed","sticky":false,"template":"","format":"standard","meta":[],"categories":[1,21],"tags":[25,19],"_links":{"self":[{"href":"https:\/\/modul1flensburg.eu\/index.php?rest_route=\/wp\/v2\/posts\/770"}],"collection":[{"href":"https:\/\/modul1flensburg.eu\/index.php?rest_route=\/wp\/v2\/posts"}],"about":[{"href":"https:\/\/modul1flensburg.eu\/index.php?rest_route=\/wp\/v2\/types\/post"}],"author":[{"embeddable":true,"href":"https:\/\/modul1flensburg.eu\/index.php?rest_route=\/wp\/v2\/users\/2"}],"replies":[{"embeddable":true,"href":"https:\/\/modul1flensburg.eu\/index.php?rest_route=%2Fwp%2Fv2%2Fcomments&post=770"}],"version-history":[{"count":11,"href":"https:\/\/modul1flensburg.eu\/index.php?rest_route=\/wp\/v2\/posts\/770\/revisions"}],"predecessor-version":[{"id":784,"href":"https:\/\/modul1flensburg.eu\/index.php?rest_route=\/wp\/v2\/posts\/770\/revisions\/784"}],"wp:attachment":[{"href":"https:\/\/modul1flensburg.eu\/index.php?rest_route=%2Fwp%2Fv2%2Fmedia&parent=770"}],"wp:term":[{"taxonomy":"category","embeddable":true,"href":"https:\/\/modul1flensburg.eu\/index.php?rest_route=%2Fwp%2Fv2%2Fcategories&post=770"},{"taxonomy":"post_tag","embeddable":true,"href":"https:\/\/modul1flensburg.eu\/index.php?rest_route=%2Fwp%2Fv2%2Ftags&post=770"}],"curies":[{"name":"wp","href":"https:\/\/api.w.org\/{rel}","templated":true}]}}