{"id":785,"date":"2014-02-11T18:17:56","date_gmt":"2014-02-11T18:17:56","guid":{"rendered":"https:\/\/modul1flensburg.eu\/?p=785"},"modified":"2014-02-11T18:17:56","modified_gmt":"2014-02-11T18:17:56","slug":"absichtsloses-handeln-performance-art-studierende-der-universitat-flensburg-laden-ein","status":"publish","type":"post","link":"https:\/\/modul1flensburg.eu\/?p=785","title":{"rendered":"\u201eAbsichtsloses Handeln\u201c \u2013 Performance Art Studierende der Universit\u00e4t Flensburg laden ein!"},"content":{"rendered":"<p><span style=\"color: #993300;\"><strong><a href=\"https:\/\/modul1flensburg.eu\/wp-content\/uploads\/2014\/02\/Bildschirmfoto-2014-02-11-um-19.12.27.png\"><img decoding=\"async\" loading=\"lazy\" class=\"alignleft size-medium wp-image-787\" alt=\"Bildschirmfoto 2014-02-11 um 19.12.27\" src=\"https:\/\/modul1flensburg.eu\/wp-content\/uploads\/2014\/02\/Bildschirmfoto-2014-02-11-um-19.12.27-259x300.png\" width=\"259\" height=\"300\" srcset=\"https:\/\/modul1flensburg.eu\/wp-content\/uploads\/2014\/02\/Bildschirmfoto-2014-02-11-um-19.12.27-259x300.png 259w, https:\/\/modul1flensburg.eu\/wp-content\/uploads\/2014\/02\/Bildschirmfoto-2014-02-11-um-19.12.27.png 261w\" sizes=\"(max-width: 259px) 100vw, 259px\" \/><\/a>Unter dem Dach der Performance Art<\/strong> <span style=\"color: #000000;\">sammeln sich vielf\u00e4ltige Arbeitsans\u00e4tze, die sich durch\u00a0prozesshaftes Geschehen, k\u00f6rperliches Agieren und Materialuntersuchungen in Kombination mit einem Gesp\u00fcr f\u00fcr R\u00e4umlichkeit, Atmosph\u00e4re und Zeit auszeichnen.<\/span><\/span> Entstehende tempor\u00e4re, oft skizzenhafte, poetische wie radikale Bilder und Szenarien befragen bisherige Wahrnehmungsgewohnheiten und Handlungsstrategien sowohl der Akteure als auch der Betrachter. Unter Einbezug von Video und digitalen Technologien wurde zudem Fragen an k\u00f6rperliche Pr\u00e4senz und ihre medialen \u00dcbersetzungen nachgegangen.<\/p>\n<p><span style=\"color: #808000;\"><span style=\"color: #000000;\">In der Abschlusspr\u00e4sentation am<\/span> <strong>Freitag, den 14. Februar 2014 ab 19.00 Uhr im MODUL1<\/strong>,\u00a0<span style=\"color: #000000;\">Rote Str. 17, Flensburg stellen Studierende ihre im Praxisseminar \u2018Video und Performance Art&#8216; der <a href=\"https:\/\/elkemark.com\">K\u00fcnstlerin Elke Mark<\/a> entwickelten Ans\u00e4tze und Arbeiten vor.<\/span><\/span><\/p>\n<p>&nbsp;<\/p>\n","protected":false},"excerpt":{"rendered":"<p>Unter dem Dach der Performance Art sammeln sich vielf\u00e4ltige Arbeitsans\u00e4tze, die sich durch\u00a0prozesshaftes Geschehen, k\u00f6rperliches Agieren und Materialuntersuchungen in Kombination mit einem Gesp\u00fcr f\u00fcr R\u00e4umlichkeit, Atmosph\u00e4re und Zeit auszeichnen. Entstehende tempor\u00e4re, oft skizzenhafte, poetische wie radikale Bilder und Szenarien befragen bisherige Wahrnehmungsgewohnheiten und Handlungsstrategien sowohl der Akteure als auch der Betrachter. Unter Einbezug von Video [&hellip;]<\/p>\n","protected":false},"author":2,"featured_media":0,"comment_status":"closed","ping_status":"closed","sticky":false,"template":"","format":"standard","meta":[],"categories":[1,21],"tags":[25,19],"_links":{"self":[{"href":"https:\/\/modul1flensburg.eu\/index.php?rest_route=\/wp\/v2\/posts\/785"}],"collection":[{"href":"https:\/\/modul1flensburg.eu\/index.php?rest_route=\/wp\/v2\/posts"}],"about":[{"href":"https:\/\/modul1flensburg.eu\/index.php?rest_route=\/wp\/v2\/types\/post"}],"author":[{"embeddable":true,"href":"https:\/\/modul1flensburg.eu\/index.php?rest_route=\/wp\/v2\/users\/2"}],"replies":[{"embeddable":true,"href":"https:\/\/modul1flensburg.eu\/index.php?rest_route=%2Fwp%2Fv2%2Fcomments&post=785"}],"version-history":[{"count":5,"href":"https:\/\/modul1flensburg.eu\/index.php?rest_route=\/wp\/v2\/posts\/785\/revisions"}],"predecessor-version":[{"id":792,"href":"https:\/\/modul1flensburg.eu\/index.php?rest_route=\/wp\/v2\/posts\/785\/revisions\/792"}],"wp:attachment":[{"href":"https:\/\/modul1flensburg.eu\/index.php?rest_route=%2Fwp%2Fv2%2Fmedia&parent=785"}],"wp:term":[{"taxonomy":"category","embeddable":true,"href":"https:\/\/modul1flensburg.eu\/index.php?rest_route=%2Fwp%2Fv2%2Fcategories&post=785"},{"taxonomy":"post_tag","embeddable":true,"href":"https:\/\/modul1flensburg.eu\/index.php?rest_route=%2Fwp%2Fv2%2Ftags&post=785"}],"curies":[{"name":"wp","href":"https:\/\/api.w.org\/{rel}","templated":true}]}}