{"id":812,"date":"2014-06-06T22:25:40","date_gmt":"2014-06-06T22:25:40","guid":{"rendered":"https:\/\/modul1flensburg.eu\/?p=812"},"modified":"2014-06-06T22:26:12","modified_gmt":"2014-06-06T22:26:12","slug":"mozart-prasentiert-seine-bilder-im-modul1","status":"publish","type":"post","link":"https:\/\/modul1flensburg.eu\/?p=812","title":{"rendered":"Mozart pr\u00e4sentiert seine Bilder im MODUL1"},"content":{"rendered":"<div id=\"attachment_817\" style=\"width: 233px\" class=\"wp-caption alignleft\"><a href=\"https:\/\/modul1flensburg.eu\/wp-content\/uploads\/2014\/06\/1531532_805955746087241_1912960117_o1.jpg\"><img aria-describedby=\"caption-attachment-817\" decoding=\"async\" loading=\"lazy\" class=\"size-medium wp-image-817\" alt=\"1531532_805955746087241_1912960117_o\" src=\"https:\/\/modul1flensburg.eu\/wp-content\/uploads\/2014\/06\/1531532_805955746087241_1912960117_o1-223x300.jpg\" width=\"223\" height=\"300\" srcset=\"https:\/\/modul1flensburg.eu\/wp-content\/uploads\/2014\/06\/1531532_805955746087241_1912960117_o1-223x300.jpg 223w, https:\/\/modul1flensburg.eu\/wp-content\/uploads\/2014\/06\/1531532_805955746087241_1912960117_o1-762x1024.jpg 762w, https:\/\/modul1flensburg.eu\/wp-content\/uploads\/2014\/06\/1531532_805955746087241_1912960117_o1.jpg 1352w\" sizes=\"(max-width: 223px) 100vw, 223px\" \/><\/a><p id=\"caption-attachment-817\" class=\"wp-caption-text\">Robert Claus alias &#8222;Mozart&#8220; in Aktion<\/p><\/div>\n<p><span style=\"color: #993300;\"><strong><\/strong>Der K\u00fcnstler Mozart ist zur\u00fcck,<strong> <\/strong><\/span><span style=\"color: #000000;\">knapp entkommen aus einem kosmischen Strudel schicksalhafter Wendungen. <\/span>Dort, wo der Alltag nicht mehr bietet als unendliche Junggesellenabschiede, nicht enden wollende Anf\u00e4nge und wiederauff\u00fcllbare Gedankeng\u00e4nge, gibt es viel zu entdecken. Mozart pr\u00e4sentiert die Bilder seiner Reise nun im MODUL1 in der Roten Stra\u00dfe in Flensburg. Man dar sehr gespannt sein!<\/p>\n<p><span style=\"color: #808000;\">Vernissage Dienstag 10.06 um 19:00 Uhr<\/span><br \/>\n<span style=\"color: #808000;\">Ausstellung \u00a0von Dienstag 10.06. &#8211; Sonntag 15.06.2014<\/span><\/p>\n<p>&nbsp;<\/p>\n","protected":false},"excerpt":{"rendered":"<p>Der K\u00fcnstler Mozart ist zur\u00fcck, knapp entkommen aus einem kosmischen Strudel schicksalhafter Wendungen. Dort, wo der Alltag nicht mehr bietet als unendliche Junggesellenabschiede, nicht enden wollende Anf\u00e4nge und wiederauff\u00fcllbare Gedankeng\u00e4nge, gibt es viel zu entdecken. Mozart pr\u00e4sentiert die Bilder seiner Reise nun im MODUL1 in der Roten Stra\u00dfe in Flensburg. Man dar sehr gespannt sein! [&hellip;]<\/p>\n","protected":false},"author":2,"featured_media":0,"comment_status":"closed","ping_status":"closed","sticky":false,"template":"","format":"standard","meta":[],"categories":[1,21],"tags":[25,19],"_links":{"self":[{"href":"https:\/\/modul1flensburg.eu\/index.php?rest_route=\/wp\/v2\/posts\/812"}],"collection":[{"href":"https:\/\/modul1flensburg.eu\/index.php?rest_route=\/wp\/v2\/posts"}],"about":[{"href":"https:\/\/modul1flensburg.eu\/index.php?rest_route=\/wp\/v2\/types\/post"}],"author":[{"embeddable":true,"href":"https:\/\/modul1flensburg.eu\/index.php?rest_route=\/wp\/v2\/users\/2"}],"replies":[{"embeddable":true,"href":"https:\/\/modul1flensburg.eu\/index.php?rest_route=%2Fwp%2Fv2%2Fcomments&post=812"}],"version-history":[{"count":6,"href":"https:\/\/modul1flensburg.eu\/index.php?rest_route=\/wp\/v2\/posts\/812\/revisions"}],"predecessor-version":[{"id":821,"href":"https:\/\/modul1flensburg.eu\/index.php?rest_route=\/wp\/v2\/posts\/812\/revisions\/821"}],"wp:attachment":[{"href":"https:\/\/modul1flensburg.eu\/index.php?rest_route=%2Fwp%2Fv2%2Fmedia&parent=812"}],"wp:term":[{"taxonomy":"category","embeddable":true,"href":"https:\/\/modul1flensburg.eu\/index.php?rest_route=%2Fwp%2Fv2%2Fcategories&post=812"},{"taxonomy":"post_tag","embeddable":true,"href":"https:\/\/modul1flensburg.eu\/index.php?rest_route=%2Fwp%2Fv2%2Ftags&post=812"}],"curies":[{"name":"wp","href":"https:\/\/api.w.org\/{rel}","templated":true}]}}