{"id":823,"date":"2014-07-14T21:47:48","date_gmt":"2014-07-14T21:47:48","guid":{"rendered":"https:\/\/modul1flensburg.eu\/?p=823"},"modified":"2014-11-18T00:10:35","modified_gmt":"2014-11-18T00:10:35","slug":"lange-schatten-des-krieges","status":"publish","type":"post","link":"https:\/\/modul1flensburg.eu\/?p=823","title":{"rendered":"Lange Schatten des Krieges"},"content":{"rendered":"<p><strong><span style=\"color: #993300;\"><strong>TotalTanzTheater<\/strong><br \/>\n<a href=\"https:\/\/modul1flensburg.eu\/wp-content\/uploads\/2014\/07\/Schatten8a_sw.jpg\"><img decoding=\"async\" loading=\"lazy\" class=\"alignleft  wp-image-839\" alt=\"Schatten8a_sw\" src=\"https:\/\/modul1flensburg.eu\/wp-content\/uploads\/2014\/07\/Schatten8a_sw-1024x555.jpg\" width=\"368\" height=\"200\" srcset=\"https:\/\/modul1flensburg.eu\/wp-content\/uploads\/2014\/07\/Schatten8a_sw-1024x555.jpg 1024w, https:\/\/modul1flensburg.eu\/wp-content\/uploads\/2014\/07\/Schatten8a_sw-300x162.jpg 300w\" sizes=\"(max-width: 368px) 100vw, 368px\" \/><\/a><\/span><\/strong><br \/>\n150 Jahre nach dem deutsch-d\u00e4nischen Krieg 1864, 100 Jahre nach dem 1. Weltkrieg ist die blutrote Spur kriegerischer Auseinandersetzungen durch die Geschichte leider immer noch aktuell. Die Frage, wie ein Europa der Zukunft aussehen k\u00f6nnte, ist von dieser Thematik nicht unber\u00fchrt.<\/p>\n<p>F\u00fcr Kunststudierende der Europa-Universit\u00e4t Flensburg ist dies ein Anlass in Form von Selbstbeobachtungen zu den Themen wie Feindschaft und Vers\u00f6hnung, \u00c4ngste und N\u00f6te der Gesellschaft, der Soldaten oder der Frauen \u00a0die schockierende Wirklichkeit des Krieges zu reflektieren.\u00a0Es entstehen Szenen mit Videoprojektionen in der die Thematik t\u00e4nzerisch und medial umgesetzt wird.<\/p>\n<p>&#8222;Lange Schatten des Krieges&#8220; ist ein mediales TotalTanzTheater unter Leitung von Stela Korljan, dipl. Choreographin und Regisseurin. Betreut wird das Projekt im Rahmen des\u00a0 \u201eExternen Lernortes\u201c von Werner F\u00fctterer<\/p>\n<p>Die Auff\u00fchrung erfolgt in\u00a0 der besonderen Atmosph\u00e4re der \u201eCampelle\u201c Flensburg\u00a0 auf dem Campus und findet eine Fortsetzung \u00a0im Modul 1 in der Roten Stra\u00dfe.<\/p>\n<p><span style=\"color: #808000;\"><strong>20. Juli<\/strong> \u2013\u00a0\u201eCampelle\u201c Europa-Universit\u00e4t Flensburg &#8211; Performance um 20.00 Uhr<\/span><br \/>\n<span style=\"color: #808000;\"><strong>21. Juli\u00a0<\/strong> &#8211;\u00a0 Modul 1 und in der Roten Strasse \u2013 Performance um 19:00 Uhr \u00a0<\/span><\/p>\n<p><a href=\"https:\/\/modul1flensburg.eu\/wp-content\/uploads\/2014\/07\/LangeSchatten-des-Krieges_online.jpg\"><img decoding=\"async\" loading=\"lazy\" class=\"alignleft  wp-image-827\" alt=\"LangeSchatten-des-Krieges_online\" src=\"https:\/\/modul1flensburg.eu\/wp-content\/uploads\/2014\/07\/LangeSchatten-des-Krieges_online-510x1024.jpg\" width=\"225\" height=\"451\" srcset=\"https:\/\/modul1flensburg.eu\/wp-content\/uploads\/2014\/07\/LangeSchatten-des-Krieges_online-510x1024.jpg 510w, https:\/\/modul1flensburg.eu\/wp-content\/uploads\/2014\/07\/LangeSchatten-des-Krieges_online-149x300.jpg 149w, https:\/\/modul1flensburg.eu\/wp-content\/uploads\/2014\/07\/LangeSchatten-des-Krieges_online.jpg 1165w\" sizes=\"(max-width: 225px) 100vw, 225px\" \/><\/a><\/p>\n","protected":false},"excerpt":{"rendered":"<p>TotalTanzTheater 150 Jahre nach dem deutsch-d\u00e4nischen Krieg 1864, 100 Jahre nach dem 1. Weltkrieg ist die blutrote Spur kriegerischer Auseinandersetzungen durch die Geschichte leider immer noch aktuell. Die Frage, wie ein Europa der Zukunft aussehen k\u00f6nnte, ist von dieser Thematik nicht unber\u00fchrt. F\u00fcr Kunststudierende der Europa-Universit\u00e4t Flensburg ist dies ein Anlass in Form von Selbstbeobachtungen [&hellip;]<\/p>\n","protected":false},"author":2,"featured_media":0,"comment_status":"closed","ping_status":"closed","sticky":false,"template":"","format":"standard","meta":[],"categories":[1,21],"tags":[25,19],"_links":{"self":[{"href":"https:\/\/modul1flensburg.eu\/index.php?rest_route=\/wp\/v2\/posts\/823"}],"collection":[{"href":"https:\/\/modul1flensburg.eu\/index.php?rest_route=\/wp\/v2\/posts"}],"about":[{"href":"https:\/\/modul1flensburg.eu\/index.php?rest_route=\/wp\/v2\/types\/post"}],"author":[{"embeddable":true,"href":"https:\/\/modul1flensburg.eu\/index.php?rest_route=\/wp\/v2\/users\/2"}],"replies":[{"embeddable":true,"href":"https:\/\/modul1flensburg.eu\/index.php?rest_route=%2Fwp%2Fv2%2Fcomments&post=823"}],"version-history":[{"count":15,"href":"https:\/\/modul1flensburg.eu\/index.php?rest_route=\/wp\/v2\/posts\/823\/revisions"}],"predecessor-version":[{"id":843,"href":"https:\/\/modul1flensburg.eu\/index.php?rest_route=\/wp\/v2\/posts\/823\/revisions\/843"}],"wp:attachment":[{"href":"https:\/\/modul1flensburg.eu\/index.php?rest_route=%2Fwp%2Fv2%2Fmedia&parent=823"}],"wp:term":[{"taxonomy":"category","embeddable":true,"href":"https:\/\/modul1flensburg.eu\/index.php?rest_route=%2Fwp%2Fv2%2Fcategories&post=823"},{"taxonomy":"post_tag","embeddable":true,"href":"https:\/\/modul1flensburg.eu\/index.php?rest_route=%2Fwp%2Fv2%2Ftags&post=823"}],"curies":[{"name":"wp","href":"https:\/\/api.w.org\/{rel}","templated":true}]}}