{"id":923,"date":"2015-01-06T23:54:03","date_gmt":"2015-01-06T23:54:03","guid":{"rendered":"https:\/\/modul1flensburg.eu\/?p=923"},"modified":"2015-01-14T23:44:49","modified_gmt":"2015-01-14T23:44:49","slug":"eine-ausstellung-etwas-anderer-art","status":"publish","type":"post","link":"https:\/\/modul1flensburg.eu\/?p=923","title":{"rendered":"Eine Ausstellung etwas anderer Art"},"content":{"rendered":"<p><a href=\"https:\/\/modul1flensburg.eu\/wp-content\/uploads\/2015\/01\/Blickwinkel.jpg\"><img decoding=\"async\" loading=\"lazy\" class=\"wp-image-924 alignnone\" alt=\"Blickwinkel\" src=\"https:\/\/modul1flensburg.eu\/wp-content\/uploads\/2015\/01\/Blickwinkel-1024x556.jpg\" width=\"491\" height=\"267\" srcset=\"https:\/\/modul1flensburg.eu\/wp-content\/uploads\/2015\/01\/Blickwinkel-1024x556.jpg 1024w, https:\/\/modul1flensburg.eu\/wp-content\/uploads\/2015\/01\/Blickwinkel-300x162.jpg 300w, https:\/\/modul1flensburg.eu\/wp-content\/uploads\/2015\/01\/Blickwinkel.jpg 1959w\" sizes=\"(max-width: 491px) 100vw, 491px\" \/><\/a><\/p>\n<p><strong>Eine Ausstellung der besonderen Art erwartet die Besucher des MODUL1 am Donnerstag, den 8.1.2015.<\/strong> Loreen Henf, Anna Lutz, Fenja Fr\u00f6hberg, Kerrin Thode, Studierende der Kunst des 5. Semesters, zeigen in f\u00fcnf Stationen unerwartete Blickwinkel aus der Sicht von Tieren und damit ein ganz neues Bewusstsein. Zudem ist die Ausstellung so konzipiert, dass diese f\u00fcr Kinder eine spielerische Erweiterung des Wissens und spannende Erg\u00e4nzung zum Unterricht ist. Bei Wein, anderen Getr\u00e4nken und kleinen K\u00f6stlichkeiten k\u00f6nnen Sie sich auch diesmal \u00fcber anregende Gespr\u00e4che freuen, neue Ideen, Inspirationen und kreative Impulse erhalten.<\/p>\n<p><span style=\"color: #808000;\"><strong>Die Vernissage findet am 8. Januar 2015 um 18:30 Uhr in den R\u00e4umlichkeiten des Modul 1, Rote Stra\u00dfe 17 statt.<\/strong> Danach stehen die T\u00fcren der Ausstellung am 9. Januar von 14 bis 18 Uhr und am 10.\/11.Januar von jeweils von 11 bis 18 Uhr offen.<\/span><\/p>\n<p><span style=\"color: #808000;\">Des Weiteren kann die Ausstellung vom 15.-17. Januar 2015 von 10 bis 18 Uhr im CITTI-Park Flensburg besichtigt werden.<\/span><\/p>\n<p>&nbsp;<\/p>\n","protected":false},"excerpt":{"rendered":"<p>Eine Ausstellung der besonderen Art erwartet die Besucher des MODUL1 am Donnerstag, den 8.1.2015. Loreen Henf, Anna Lutz, Fenja Fr\u00f6hberg, Kerrin Thode, Studierende der Kunst des 5. Semesters, zeigen in f\u00fcnf Stationen unerwartete Blickwinkel aus der Sicht von Tieren und damit ein ganz neues Bewusstsein. Zudem ist die Ausstellung so konzipiert, dass diese f\u00fcr Kinder [&hellip;]<\/p>\n","protected":false},"author":2,"featured_media":0,"comment_status":"closed","ping_status":"closed","sticky":false,"template":"","format":"standard","meta":[],"categories":[1],"tags":[25,19],"_links":{"self":[{"href":"https:\/\/modul1flensburg.eu\/index.php?rest_route=\/wp\/v2\/posts\/923"}],"collection":[{"href":"https:\/\/modul1flensburg.eu\/index.php?rest_route=\/wp\/v2\/posts"}],"about":[{"href":"https:\/\/modul1flensburg.eu\/index.php?rest_route=\/wp\/v2\/types\/post"}],"author":[{"embeddable":true,"href":"https:\/\/modul1flensburg.eu\/index.php?rest_route=\/wp\/v2\/users\/2"}],"replies":[{"embeddable":true,"href":"https:\/\/modul1flensburg.eu\/index.php?rest_route=%2Fwp%2Fv2%2Fcomments&post=923"}],"version-history":[{"count":13,"href":"https:\/\/modul1flensburg.eu\/index.php?rest_route=\/wp\/v2\/posts\/923\/revisions"}],"predecessor-version":[{"id":936,"href":"https:\/\/modul1flensburg.eu\/index.php?rest_route=\/wp\/v2\/posts\/923\/revisions\/936"}],"wp:attachment":[{"href":"https:\/\/modul1flensburg.eu\/index.php?rest_route=%2Fwp%2Fv2%2Fmedia&parent=923"}],"wp:term":[{"taxonomy":"category","embeddable":true,"href":"https:\/\/modul1flensburg.eu\/index.php?rest_route=%2Fwp%2Fv2%2Fcategories&post=923"},{"taxonomy":"post_tag","embeddable":true,"href":"https:\/\/modul1flensburg.eu\/index.php?rest_route=%2Fwp%2Fv2%2Ftags&post=923"}],"curies":[{"name":"wp","href":"https:\/\/api.w.org\/{rel}","templated":true}]}}